
{"id":46963,"date":"2015-02-20T18:32:31","date_gmt":"2015-02-20T21:32:31","guid":{"rendered":"http:\/\/www.sudoestehoje.com.br\/novoportal\/?p=46963"},"modified":"2015-02-20T19:01:24","modified_gmt":"2015-02-20T22:01:24","slug":"jequie-secretario-de-saude-considera-santa-casa-da-fjs-uma-maternidade-modelo-na-bahia","status":"publish","type":"post","link":"https:\/\/www.sudoestehoje.com.br\/novoportal\/2015\/02\/20\/jequie-secretario-de-saude-considera-santa-casa-da-fjs-uma-maternidade-modelo-na-bahia\/","title":{"rendered":"JEQUI\u00c9: SECRET\u00c1RIO DE SA\u00daDE CONSIDERA SANTA CASA DA FJS UMA MATERNIDADE MODELO NA BAHIA"},"content":{"rendered":"<p><iframe loading=\"lazy\" title=\"HGPV\" width=\"500\" height=\"281\" src=\"https:\/\/www.youtube.com\/embed\/oqNcglrvsik?feature=oembed\" frameborder=\"0\" allow=\"accelerometer; autoplay; clipboard-write; encrypted-media; gyroscope; picture-in-picture; web-share\" referrerpolicy=\"strict-origin-when-cross-origin\" allowfullscreen><\/iframe><\/p>\n<p>Em visita \u00e0 Jequi\u00e9, nesta\u00a0quinta-feira (19), o secret\u00e1rio estadual de Sa\u00fade, F\u00e1bio Vilas Boas elogiou o padr\u00e3o e a qualidade dos servi\u00e7os da Santa Casa Hospital S\u00e3o Judas Tadeu.<em> \u201c\u00c9 uma maternidade modelo e, se depender da Secretaria da Sa\u00fade, vai continuar sendo modelo para outras unidades da Bahia\u201d<\/em>, afirmou na ocasi\u00e3o. O secret\u00e1rio esteve no munic\u00edpio para acompanhar as obras de melhoria e amplia\u00e7\u00e3o do Hospital Geral Prado Valadares.<\/p>\n<p>Entre outras quest\u00f5es, ao ser indagado sobre a atua\u00e7\u00e3o da Santa Casa de Jequi\u00e9, mantida pela <strong>Funda\u00e7\u00e3o Jos\u00e9 Silveira,<\/strong> o secret\u00e1rio reafirmou a inten\u00e7\u00e3o de dar continuidade \u00e0 parceria com a institui\u00e7\u00e3o para o atendimento \u00e0 popula\u00e7\u00e3o pelo Sistema \u00danico de Sa\u00fade (SUS).<\/p>\n<p><img decoding=\"async\" class=\"aligncenter\" src=\"http:\/\/www.sudoestehoje.com.br\/novoportal\/wp-content\/uploads\/2014\/11\/RAMOS-PNEUS-HORIZONTAL-500x332.jpg\" alt=\"RAMOS PNEUS HORIZONTAL\" \/><\/p>\n","protected":false},"excerpt":{"rendered":"<p>Em visita \u00e0 Jequi\u00e9, nesta\u00a0quinta-feira (19), o secret\u00e1rio estadual de Sa\u00fade, F\u00e1bio Vilas Boas elogiou o padr\u00e3o e a qualidade dos servi\u00e7os da Santa Casa Hospital S\u00e3o Judas Tadeu. \u201c\u00c9 uma maternidade modelo e, se depender da Secretaria da Sa\u00fade, vai continuar sendo modelo para outras unidades da Bahia\u201d, afirmou na ocasi\u00e3o. O secret\u00e1rio esteve [&hellip;]<\/p>\n","protected":false},"author":2,"featured_media":0,"comment_status":"open","ping_status":"open","sticky":false,"template":"","format":"standard","meta":{"footnotes":"","_links_to":"","_links_to_target":""},"categories":[1],"tags":[],"class_list":["post-46963","post","type-post","status-publish","format-standard","hentry","category-geral"],"views":1073,"_links":{"self":[{"href":"https:\/\/www.sudoestehoje.com.br\/novoportal\/wp-json\/wp\/v2\/posts\/46963","targetHints":{"allow":["GET"]}}],"collection":[{"href":"https:\/\/www.sudoestehoje.com.br\/novoportal\/wp-json\/wp\/v2\/posts"}],"about":[{"href":"https:\/\/www.sudoestehoje.com.br\/novoportal\/wp-json\/wp\/v2\/types\/post"}],"author":[{"embeddable":true,"href":"https:\/\/www.sudoestehoje.com.br\/novoportal\/wp-json\/wp\/v2\/users\/2"}],"replies":[{"embeddable":true,"href":"https:\/\/www.sudoestehoje.com.br\/novoportal\/wp-json\/wp\/v2\/comments?post=46963"}],"version-history":[{"count":3,"href":"https:\/\/www.sudoestehoje.com.br\/novoportal\/wp-json\/wp\/v2\/posts\/46963\/revisions"}],"predecessor-version":[{"id":46970,"href":"https:\/\/www.sudoestehoje.com.br\/novoportal\/wp-json\/wp\/v2\/posts\/46963\/revisions\/46970"}],"wp:attachment":[{"href":"https:\/\/www.sudoestehoje.com.br\/novoportal\/wp-json\/wp\/v2\/media?parent=46963"}],"wp:term":[{"taxonomy":"category","embeddable":true,"href":"https:\/\/www.sudoestehoje.com.br\/novoportal\/wp-json\/wp\/v2\/categories?post=46963"},{"taxonomy":"post_tag","embeddable":true,"href":"https:\/\/www.sudoestehoje.com.br\/novoportal\/wp-json\/wp\/v2\/tags?post=46963"}],"curies":[{"name":"wp","href":"https:\/\/api.w.org\/{rel}","templated":true}]}}