
{"id":46958,"date":"2015-02-20T17:59:19","date_gmt":"2015-02-20T20:59:19","guid":{"rendered":"http:\/\/www.sudoestehoje.com.br\/novoportal\/?p=46958"},"modified":"2015-02-20T17:59:19","modified_gmt":"2015-02-20T20:59:19","slug":"topiqueiros-fecham-ba-263-em-protesto-contra-perseguicao-de-ze-carlos-e-viacao-itapetinga","status":"publish","type":"post","link":"https:\/\/www.sudoestehoje.com.br\/novoportal\/2015\/02\/20\/topiqueiros-fecham-ba-263-em-protesto-contra-perseguicao-de-ze-carlos-e-viacao-itapetinga\/","title":{"rendered":"TOPIQUEIROS FECHAM BA-263 EM PROTESTO CONTRA PERSEGUI\u00c7\u00c3O DE Z\u00c9 CARLOS E VIA\u00c7\u00c3O ITAPETINGA"},"content":{"rendered":"<p><a href=\"http:\/\/www.sudoestehoje.com.br\/novoportal\/wp-content\/uploads\/2015\/02\/TOPIK-1.jpg\"><img loading=\"lazy\" decoding=\"async\" class=\"aligncenter size-medium wp-image-46960\" src=\"http:\/\/www.sudoestehoje.com.br\/novoportal\/wp-content\/uploads\/2015\/02\/TOPIK-1-500x280.jpg\" alt=\"TOPIK 1\" width=\"500\" height=\"280\" srcset=\"https:\/\/www.sudoestehoje.com.br\/novoportal\/wp-content\/uploads\/2015\/02\/TOPIK-1-500x280.jpg 500w, https:\/\/www.sudoestehoje.com.br\/novoportal\/wp-content\/uploads\/2015\/02\/TOPIK-1-150x84.jpg 150w, https:\/\/www.sudoestehoje.com.br\/novoportal\/wp-content\/uploads\/2015\/02\/TOPIK-1.jpg 600w\" sizes=\"auto, (max-width: 500px) 100vw, 500px\" \/><\/a><\/p>\n<p>Os topiqueiros de Itapetinga, que fazem o transporte alternativo entre a sede do munic\u00edpio e o distrito de Bandeira do Col\u00f4nia, fizeram a interdi\u00e7\u00e3o da BA-263 pr\u00f3ximo ao antigo galp\u00e3o da Azal\u00e9ia em Bandeira do Col\u00f4nia, na manh\u00e3 desta sexta-feira, 20, em protesto pela n\u00e3o renova\u00e7\u00e3o dos alvar\u00e1s pela prefeitura de Itapetinga, que permitiria que esses profissionais continuasse trabalhando.<\/p>\n<p><a href=\"http:\/\/www.sudoestehoje.com.br\/novoportal\/wp-content\/uploads\/2015\/02\/TOPIK-2.jpg\"><img loading=\"lazy\" decoding=\"async\" class=\"aligncenter size-medium wp-image-46961\" src=\"http:\/\/www.sudoestehoje.com.br\/novoportal\/wp-content\/uploads\/2015\/02\/TOPIK-2-500x250.jpg\" alt=\"TOPIK 2\" width=\"500\" height=\"250\" srcset=\"https:\/\/www.sudoestehoje.com.br\/novoportal\/wp-content\/uploads\/2015\/02\/TOPIK-2-500x250.jpg 500w, https:\/\/www.sudoestehoje.com.br\/novoportal\/wp-content\/uploads\/2015\/02\/TOPIK-2-150x75.jpg 150w, https:\/\/www.sudoestehoje.com.br\/novoportal\/wp-content\/uploads\/2015\/02\/TOPIK-2.jpg 670w\" sizes=\"auto, (max-width: 500px) 100vw, 500px\" \/><\/a><\/p>\n<p>Durante 4 horas, os protestantes interditaram a via, impedindo que motoristas e trabalhadores se locomovessem nos dois sentidos, inclusive os \u00f4nibus que fazem o transporte dos funcion\u00e1rios da Vulcabras\/Azal\u00e9ia, que s\u00f3 foram liberados \u00e0s 08h da manh\u00e3.<!--more--><\/p>\n<p>Segundo os topiqueiros representantes do protesto, anteriormente eles eram liberados para atuarem no transporte alternativo, atrav\u00e9s de um alvar\u00e1 de autoriza\u00e7\u00e3o expedido pela pr\u00f3pria prefeitura de Itapetinga, em parceria com a Comutran.<\/p>\n<p>Por\u00e9m, em dezembro passado, os alvar\u00e1s venceram e n\u00e3o foram mais renovados, apesar do prefeito ter garantido que a partir de fevereiro seus alvar\u00e1s liberados. o que n\u00e3o ocorreu at\u00e9 o momento.<\/p>\n<p>Segundo os pr\u00f3prios topiqueiros, a prefeitura acabou dando exclusividade \u00e0 Via\u00e7\u00e3o de Itapetinga, em um contrato de concess\u00e3o, onde consta que nenhum outro transporte alternativo poderia fazer a linha, a n\u00e3o ser a pr\u00f3pria empresa Via\u00e7\u00e3o Itapetinga.<\/p>\n<p>Sentindo-se desamparados e tra\u00eddos pelo prefeito Z\u00e9 Carlos, os 14 topiqueiros v\u00eam se mobilizando, na tentativa reverter o quadro. Enquanto isso alguns trabalhadores do transporte alternativo tem sido multados pela Comutran, com o apoio da Pol\u00edcia Militar. Com informa\u00e7\u00f5es do Blog Itoror\u00f3 J\u00e1<\/p>\n","protected":false},"excerpt":{"rendered":"<p>Os topiqueiros de Itapetinga, que fazem o transporte alternativo entre a sede do munic\u00edpio e o distrito de Bandeira do Col\u00f4nia, fizeram a interdi\u00e7\u00e3o da BA-263 pr\u00f3ximo ao antigo galp\u00e3o da Azal\u00e9ia em Bandeira do Col\u00f4nia, na manh\u00e3 desta sexta-feira, 20, em protesto pela n\u00e3o renova\u00e7\u00e3o dos alvar\u00e1s pela prefeitura de Itapetinga, que permitiria que [&hellip;]<\/p>\n","protected":false},"author":2,"featured_media":46960,"comment_status":"open","ping_status":"open","sticky":false,"template":"","format":"standard","meta":{"footnotes":"","_links_to":"","_links_to_target":""},"categories":[1],"tags":[],"class_list":["post-46958","post","type-post","status-publish","format-standard","has-post-thumbnail","hentry","category-geral"],"views":1389,"_links":{"self":[{"href":"https:\/\/www.sudoestehoje.com.br\/novoportal\/wp-json\/wp\/v2\/posts\/46958","targetHints":{"allow":["GET"]}}],"collection":[{"href":"https:\/\/www.sudoestehoje.com.br\/novoportal\/wp-json\/wp\/v2\/posts"}],"about":[{"href":"https:\/\/www.sudoestehoje.com.br\/novoportal\/wp-json\/wp\/v2\/types\/post"}],"author":[{"embeddable":true,"href":"https:\/\/www.sudoestehoje.com.br\/novoportal\/wp-json\/wp\/v2\/users\/2"}],"replies":[{"embeddable":true,"href":"https:\/\/www.sudoestehoje.com.br\/novoportal\/wp-json\/wp\/v2\/comments?post=46958"}],"version-history":[{"count":2,"href":"https:\/\/www.sudoestehoje.com.br\/novoportal\/wp-json\/wp\/v2\/posts\/46958\/revisions"}],"predecessor-version":[{"id":46962,"href":"https:\/\/www.sudoestehoje.com.br\/novoportal\/wp-json\/wp\/v2\/posts\/46958\/revisions\/46962"}],"wp:featuredmedia":[{"embeddable":true,"href":"https:\/\/www.sudoestehoje.com.br\/novoportal\/wp-json\/wp\/v2\/media\/46960"}],"wp:attachment":[{"href":"https:\/\/www.sudoestehoje.com.br\/novoportal\/wp-json\/wp\/v2\/media?parent=46958"}],"wp:term":[{"taxonomy":"category","embeddable":true,"href":"https:\/\/www.sudoestehoje.com.br\/novoportal\/wp-json\/wp\/v2\/categories?post=46958"},{"taxonomy":"post_tag","embeddable":true,"href":"https:\/\/www.sudoestehoje.com.br\/novoportal\/wp-json\/wp\/v2\/tags?post=46958"}],"curies":[{"name":"wp","href":"https:\/\/api.w.org\/{rel}","templated":true}]}}