
{"id":46948,"date":"2015-02-20T17:12:53","date_gmt":"2015-02-20T20:12:53","guid":{"rendered":"http:\/\/www.sudoestehoje.com.br\/novoportal\/?p=46948"},"modified":"2015-02-20T17:25:45","modified_gmt":"2015-02-20T20:25:45","slug":"assassina-de-carla-silva-se-apresenta-a-policia-e-ja-esta-solta","status":"publish","type":"post","link":"https:\/\/www.sudoestehoje.com.br\/novoportal\/2015\/02\/20\/assassina-de-carla-silva-se-apresenta-a-policia-e-ja-esta-solta\/","title":{"rendered":"ASSASSINA DE CARLA SILVA SE APRESENTA \u00c0 POL\u00cdCIA E J\u00c1 EST\u00c1 SOLTA"},"content":{"rendered":"<div id=\"attachment_46819\" style=\"width: 310px\" class=\"wp-caption aligncenter\"><a href=\"http:\/\/www.sudoestehoje.com.br\/novoportal\/wp-content\/uploads\/2015\/02\/THAIS-AMERICO-NOGUEIRA-e1423951276151.jpg\"><img loading=\"lazy\" decoding=\"async\" aria-describedby=\"caption-attachment-46819\" class=\" wp-image-46819\" src=\"http:\/\/www.sudoestehoje.com.br\/novoportal\/wp-content\/uploads\/2015\/02\/THAIS-AMERICO-NOGUEIRA-e1423951276151.jpg\" alt=\"Tha\u00edz se apresentou \u00e0 pol\u00edcia, confessou o assassinato de Carla Silva Santos por ci\u00fames e vai responder o processo em liberdade.  \" width=\"300\" height=\"400\" srcset=\"https:\/\/www.sudoestehoje.com.br\/novoportal\/wp-content\/uploads\/2015\/02\/THAIS-AMERICO-NOGUEIRA-e1423951276151.jpg 360w, https:\/\/www.sudoestehoje.com.br\/novoportal\/wp-content\/uploads\/2015\/02\/THAIS-AMERICO-NOGUEIRA-e1423951276151-112x150.jpg 112w\" sizes=\"auto, (max-width: 300px) 100vw, 300px\" \/><\/a><p id=\"caption-attachment-46819\" class=\"wp-caption-text\">Tha\u00edz se apresentou \u00e0 pol\u00edcia, confessou o assassinato de Carla Silva Santos por ci\u00fames e vai responder o processo em liberdade. Justi\u00e7a pode decretar pris\u00e3o preventiva.<\/p><\/div>\n<p>ITAPETINGA: Na manh\u00e3 desta sexta-feira, Thaiz dos Anjos de Jesus, acusada do assassinato de Carla Silva Santos, na noite do \u00faltimo dia 13, se apresentou no Complexo Policial de Itapetinga, acompanhada de sua defensora, a fim de dar explica\u00e7\u00f5es sobre o crime, sendo liberada logo em seguida.<\/p>\n<p>Sobre a fuga, Thaiz disse que evadiu do local do crime e foi de imediato foi para a casa de uma tia, se refugiando em seguida na casa de parentes em Vit\u00f3ria da Conquista. Confessou que realmente golpeou Carla, com quem vinha tendo &#8220;desentendimentos&#8221;.<\/p>\n<div id=\"attachment_46808\" style=\"width: 310px\" class=\"wp-caption aligncenter\"><a href=\"http:\/\/www.sudoestehoje.com.br\/novoportal\/wp-content\/uploads\/2015\/02\/carla.jpg\"><img loading=\"lazy\" decoding=\"async\" aria-describedby=\"caption-attachment-46808\" class=\" wp-image-46808\" src=\"http:\/\/www.sudoestehoje.com.br\/novoportal\/wp-content\/uploads\/2015\/02\/carla-420x700.jpg\" alt=\"Carla Silva Santos foi esfaqueada em via p\u00fablica e sua fam\u00edlia est\u00e1 inconformada com o crime brutal\" width=\"300\" height=\"500\" srcset=\"https:\/\/www.sudoestehoje.com.br\/novoportal\/wp-content\/uploads\/2015\/02\/carla-420x700.jpg 420w, https:\/\/www.sudoestehoje.com.br\/novoportal\/wp-content\/uploads\/2015\/02\/carla-540x900.jpg 540w, https:\/\/www.sudoestehoje.com.br\/novoportal\/wp-content\/uploads\/2015\/02\/carla-90x150.jpg 90w, https:\/\/www.sudoestehoje.com.br\/novoportal\/wp-content\/uploads\/2015\/02\/carla.jpg 576w\" sizes=\"auto, (max-width: 300px) 100vw, 300px\" \/><\/a><p id=\"caption-attachment-46808\" class=\"wp-caption-text\">Carla Silva Santos foi esfaqueada e morta em via p\u00fablica e sua fam\u00edlia est\u00e1 inconformada com o crime brutal.<\/p><\/div>\n<p>Segundo a assassina confessa, a v\u00edtima estava tendo um relacionamento amoroso com o seu marido e chegou a\u00a0compartilhar isso com amigos no whatsapp, o que a teria deixado &#8220;enciumada&#8221; e disposta a tomar uma &#8220;provid\u00eancia&#8221;.<\/p>\n<p>Com a apresenta\u00e7\u00e3o espont\u00e2nea, Thaiz dos Anjos de Jesus poder\u00e1 responder ao processo de homic\u00eddio em liberdade, exceto que haja necessidade da decreta\u00e7\u00e3o da sua pris\u00e3o preventiva, por parte da justi\u00e7a criminal.<\/p>\n<p><strong><em>Da Reda\u00e7\u00e3o<\/em><\/strong><\/p>\n<p><img decoding=\"async\" class=\"aligncenter\" src=\"http:\/\/www.sudoestehoje.com.br\/novoportal\/wp-content\/uploads\/2015\/01\/skala-2015-500x166.jpg\" alt=\"skala 2015\" \/><\/p>\n","protected":false},"excerpt":{"rendered":"<p>ITAPETINGA: Na manh\u00e3 desta sexta-feira, Thaiz dos Anjos de Jesus, acusada do assassinato de Carla Silva Santos, na noite do \u00faltimo dia 13, se apresentou no Complexo Policial de Itapetinga, acompanhada de sua defensora, a fim de dar explica\u00e7\u00f5es sobre o crime, sendo liberada logo em seguida. Sobre a fuga, Thaiz disse que evadiu do [&hellip;]<\/p>\n","protected":false},"author":2,"featured_media":0,"comment_status":"open","ping_status":"open","sticky":false,"template":"","format":"standard","meta":{"footnotes":"","_links_to":"","_links_to_target":""},"categories":[1],"tags":[],"class_list":["post-46948","post","type-post","status-publish","format-standard","hentry","category-geral"],"views":4135,"_links":{"self":[{"href":"https:\/\/www.sudoestehoje.com.br\/novoportal\/wp-json\/wp\/v2\/posts\/46948","targetHints":{"allow":["GET"]}}],"collection":[{"href":"https:\/\/www.sudoestehoje.com.br\/novoportal\/wp-json\/wp\/v2\/posts"}],"about":[{"href":"https:\/\/www.sudoestehoje.com.br\/novoportal\/wp-json\/wp\/v2\/types\/post"}],"author":[{"embeddable":true,"href":"https:\/\/www.sudoestehoje.com.br\/novoportal\/wp-json\/wp\/v2\/users\/2"}],"replies":[{"embeddable":true,"href":"https:\/\/www.sudoestehoje.com.br\/novoportal\/wp-json\/wp\/v2\/comments?post=46948"}],"version-history":[{"count":5,"href":"https:\/\/www.sudoestehoje.com.br\/novoportal\/wp-json\/wp\/v2\/posts\/46948\/revisions"}],"predecessor-version":[{"id":46953,"href":"https:\/\/www.sudoestehoje.com.br\/novoportal\/wp-json\/wp\/v2\/posts\/46948\/revisions\/46953"}],"wp:attachment":[{"href":"https:\/\/www.sudoestehoje.com.br\/novoportal\/wp-json\/wp\/v2\/media?parent=46948"}],"wp:term":[{"taxonomy":"category","embeddable":true,"href":"https:\/\/www.sudoestehoje.com.br\/novoportal\/wp-json\/wp\/v2\/categories?post=46948"},{"taxonomy":"post_tag","embeddable":true,"href":"https:\/\/www.sudoestehoje.com.br\/novoportal\/wp-json\/wp\/v2\/tags?post=46948"}],"curies":[{"name":"wp","href":"https:\/\/api.w.org\/{rel}","templated":true}]}}