
{"id":46943,"date":"2015-02-20T16:53:04","date_gmt":"2015-02-20T19:53:04","guid":{"rendered":"http:\/\/www.sudoestehoje.com.br\/novoportal\/?p=46943"},"modified":"2015-02-20T17:27:11","modified_gmt":"2015-02-20T20:27:11","slug":"itarantim-presidente-da-camara-torra-20-mil-para-implantar-sistema-de-rh","status":"publish","type":"post","link":"https:\/\/www.sudoestehoje.com.br\/novoportal\/2015\/02\/20\/itarantim-presidente-da-camara-torra-20-mil-para-implantar-sistema-de-rh\/","title":{"rendered":"ITARANTIM: PRESIDENTE DA C\u00c2MARA TORRA 20 MIL PARA IMPLANTAR SISTEMA DE RH"},"content":{"rendered":"<p><a href=\"http:\/\/www.sudoestehoje.com.br\/novoportal\/wp-content\/uploads\/2015\/02\/JU-ROLD\u00c3O.jpg\"><img loading=\"lazy\" decoding=\"async\" class=\"aligncenter  wp-image-46945\" src=\"http:\/\/www.sudoestehoje.com.br\/novoportal\/wp-content\/uploads\/2015\/02\/JU-ROLD\u00c3O.jpg\" alt=\"JU ROLD\u00c3O\" width=\"450\" height=\"312\" srcset=\"https:\/\/www.sudoestehoje.com.br\/novoportal\/wp-content\/uploads\/2015\/02\/JU-ROLD\u00c3O.jpg 270w, https:\/\/www.sudoestehoje.com.br\/novoportal\/wp-content\/uploads\/2015\/02\/JU-ROLD\u00c3O-150x103.jpg 150w\" sizes=\"auto, (max-width: 450px) 100vw, 450px\" \/><\/a><\/p>\n<p>Mal assumiu a presid\u00eancia da c\u00e2mara de Itarantim, o vereador Gileno Rold\u00e3o (PT) j\u00e1 mostrou para que veio. Logo na largada, o novo presidente contratou, pelo valor de R$ 20 mil reais \u00e0 vista, mais \u00a0R$ 7 mil mensais, uma empresa desconhecida para implantar um mero sistema de RH (Recursos Humanos) na c\u00e2mara municipal, que conta com menos de 10 servidores, fato que vem causando indigna\u00e7\u00e3o aos moradores do munic\u00edpio.<\/p>\n<p>Ju Rold\u00e3o, como \u00e9 conhecido o vereador do PT, \u00e9 ligado ao deputado Rosemberg Pinto, e se mant\u00e9m na presid\u00eancia da c\u00e2mara de Itarantim, em fun\u00e7\u00e3o de uma liminar concedida pelo TJ, cujo m\u00e9rito da a\u00e7\u00e3o ainda n\u00e3o foi julgado.<\/p>\n<p>H\u00e1 quem afirme que os seus dias \u00e0 frente do legislativo municipal est\u00e3o contados e que o vereador Dudu dos Tutas (PSB) pode ressumir o cargo a qualquer momento.<\/p>\n<p>Talvez seja esta a raz\u00e3o que o chefe do legislativo municipal esteja com tanta pressa e apetite, para &#8216;aplicar&#8217; com tanto &#8216;zelo&#8217; os recursos destinados \u00e0 c\u00e2mara.<\/p>\n<p>Confira o contrato:\u00a0<a id=\"yui_3_16_0_1_1424460594205_3341\" href=\"https:\/\/io.org.br\/ba\/itarantim\/camara\/diarioOficial\/download\/396\/145\/0\" target=\"_blank\" rel=\"nofollow\">DI\u00c1RIO OFICIAL &#8211; CONTRATO DIN\u00c2MICA<\/a><\/p>\n<p><strong><em>Por Davi Ferraz<\/em><\/strong><\/p>\n<p><img decoding=\"async\" class=\"aligncenter\" src=\"http:\/\/www.sudoestehoje.com.br\/novoportal\/wp-content\/uploads\/2014\/07\/Feira-do-Lar-1.png\" alt=\"Feira-do-Lar (1)\" \/><\/p>\n","protected":false},"excerpt":{"rendered":"<p>Mal assumiu a presid\u00eancia da c\u00e2mara de Itarantim, o vereador Gileno Rold\u00e3o (PT) j\u00e1 mostrou para que veio. Logo na largada, o novo presidente contratou, pelo valor de R$ 20 mil reais \u00e0 vista, mais \u00a0R$ 7 mil mensais, uma empresa desconhecida para implantar um mero sistema de RH (Recursos Humanos) na c\u00e2mara municipal, que [&hellip;]<\/p>\n","protected":false},"author":2,"featured_media":46945,"comment_status":"open","ping_status":"open","sticky":false,"template":"","format":"standard","meta":{"footnotes":"","_links_to":"","_links_to_target":""},"categories":[1],"tags":[],"class_list":["post-46943","post","type-post","status-publish","format-standard","has-post-thumbnail","hentry","category-geral"],"views":1166,"_links":{"self":[{"href":"https:\/\/www.sudoestehoje.com.br\/novoportal\/wp-json\/wp\/v2\/posts\/46943","targetHints":{"allow":["GET"]}}],"collection":[{"href":"https:\/\/www.sudoestehoje.com.br\/novoportal\/wp-json\/wp\/v2\/posts"}],"about":[{"href":"https:\/\/www.sudoestehoje.com.br\/novoportal\/wp-json\/wp\/v2\/types\/post"}],"author":[{"embeddable":true,"href":"https:\/\/www.sudoestehoje.com.br\/novoportal\/wp-json\/wp\/v2\/users\/2"}],"replies":[{"embeddable":true,"href":"https:\/\/www.sudoestehoje.com.br\/novoportal\/wp-json\/wp\/v2\/comments?post=46943"}],"version-history":[{"count":4,"href":"https:\/\/www.sudoestehoje.com.br\/novoportal\/wp-json\/wp\/v2\/posts\/46943\/revisions"}],"predecessor-version":[{"id":46954,"href":"https:\/\/www.sudoestehoje.com.br\/novoportal\/wp-json\/wp\/v2\/posts\/46943\/revisions\/46954"}],"wp:featuredmedia":[{"embeddable":true,"href":"https:\/\/www.sudoestehoje.com.br\/novoportal\/wp-json\/wp\/v2\/media\/46945"}],"wp:attachment":[{"href":"https:\/\/www.sudoestehoje.com.br\/novoportal\/wp-json\/wp\/v2\/media?parent=46943"}],"wp:term":[{"taxonomy":"category","embeddable":true,"href":"https:\/\/www.sudoestehoje.com.br\/novoportal\/wp-json\/wp\/v2\/categories?post=46943"},{"taxonomy":"post_tag","embeddable":true,"href":"https:\/\/www.sudoestehoje.com.br\/novoportal\/wp-json\/wp\/v2\/tags?post=46943"}],"curies":[{"name":"wp","href":"https:\/\/api.w.org\/{rel}","templated":true}]}}