
{"id":46934,"date":"2015-02-20T09:56:14","date_gmt":"2015-02-20T12:56:14","guid":{"rendered":"http:\/\/www.sudoestehoje.com.br\/novoportal\/?p=46934"},"modified":"2015-02-20T17:28:20","modified_gmt":"2015-02-20T20:28:20","slug":"quadra-do-jose-otavio-foi-parar-em-uma-praca-no-quintas-do-morumbi","status":"publish","type":"post","link":"https:\/\/www.sudoestehoje.com.br\/novoportal\/2015\/02\/20\/quadra-do-jose-otavio-foi-parar-em-uma-praca-no-quintas-do-morumbi\/","title":{"rendered":"QUADRA DO JOS\u00c9 OT\u00c1VIO FOI PARAR EM UMA PRA\u00c7A NO QUINTAS DO MORUMBI"},"content":{"rendered":"<p><a href=\"http:\/\/www.sudoestehoje.com.br\/novoportal\/wp-content\/uploads\/2015\/02\/QUADRA-JOS\u00c9-OTAVIO.jpg\"><img loading=\"lazy\" decoding=\"async\" class=\"aligncenter size-medium wp-image-46937\" src=\"http:\/\/www.sudoestehoje.com.br\/novoportal\/wp-content\/uploads\/2015\/02\/QUADRA-JOS\u00c9-OTAVIO-500x329.jpg\" alt=\"QUADRA JOS\u00c9 OTAVIO\" width=\"500\" height=\"329\" srcset=\"https:\/\/www.sudoestehoje.com.br\/novoportal\/wp-content\/uploads\/2015\/02\/QUADRA-JOS\u00c9-OTAVIO-500x329.jpg 500w, https:\/\/www.sudoestehoje.com.br\/novoportal\/wp-content\/uploads\/2015\/02\/QUADRA-JOS\u00c9-OTAVIO-700x461.jpg 700w, https:\/\/www.sudoestehoje.com.br\/novoportal\/wp-content\/uploads\/2015\/02\/QUADRA-JOS\u00c9-OTAVIO-150x98.jpg 150w, https:\/\/www.sudoestehoje.com.br\/novoportal\/wp-content\/uploads\/2015\/02\/QUADRA-JOS\u00c9-OTAVIO.jpg 960w\" sizes=\"auto, (max-width: 500px) 100vw, 500px\" \/><\/a><\/p>\n<p>ITAPETINGA: Uma quadra poliesportiva que j\u00e1 deveria estar pronta desde 2013, na Escola Municipal Prof\u00ba. Ismael Cruz (antigo Col\u00e9gio Jos\u00e9 Ot\u00e1vio Curvelo), no Am\u00e9rico Nogueira, est\u00e1 sendo constru\u00edda na Pra\u00e7a Forr\u00f3 do Candeeiro, que fica a quase um quil\u00f4metro da escola.<\/p>\n<p>A decis\u00e3o da Secretaria Municipal de Urbanismo de construir a quadra fora da escola, fere as normas do FNDE, dificulta as atividades de educa\u00e7\u00e3o f\u00edsica dos alunos e desagrada os moradores da pra\u00e7a e imedia\u00e7\u00f5es, que queriam um jardim no local, para lazer da popula\u00e7\u00e3o do bairro.<\/p>\n<p>Segundo prepostos da prefeitura, a decis\u00e3o de transferir a quadra para outro local se deve ao fato do espa\u00e7o existente na escola ser menor do que as dimens\u00f5es da quadra liberada pelo Minist\u00e9rio da Educa\u00e7\u00e3o, o que s\u00f3 foi &#8220;descoberto&#8221; depois que os recursos ca\u00edram \u00a0na conta da prefeitura.<\/p>\n<p>O assunto j\u00e1 foi abordado pelo vereador Alfredo Cabral, em sess\u00e3o na C\u00e2mara Municipal, vez que se trata de um caso cl\u00e1ssico de &#8216;desvio de finalidade&#8217; e pode trazer mais complica\u00e7\u00f5es para o gestor municipal, que j\u00e1 anda enrolado at\u00e9 o pesco\u00e7o, como problemas de toda ordem na justi\u00e7a.<\/p>\n<p>Lembram do que aconteceu com o desvio de recursos para constru\u00e7\u00e3o do Col\u00e9gio Noralice Gusm\u00e3o?<\/p>\n<p><strong><em>Por Davi Ferraz\u00a0<\/em><\/strong><\/p>\n<p><img decoding=\"async\" class=\"aligncenter\" src=\"http:\/\/www.sudoestehoje.com.br\/novoportal\/wp-content\/uploads\/2014\/09\/supermoda.png\" alt=\"supermoda\" \/><\/p>\n","protected":false},"excerpt":{"rendered":"<p>ITAPETINGA: Uma quadra poliesportiva que j\u00e1 deveria estar pronta desde 2013, na Escola Municipal Prof\u00ba. Ismael Cruz (antigo Col\u00e9gio Jos\u00e9 Ot\u00e1vio Curvelo), no Am\u00e9rico Nogueira, est\u00e1 sendo constru\u00edda na Pra\u00e7a Forr\u00f3 do Candeeiro, que fica a quase um quil\u00f4metro da escola. A decis\u00e3o da Secretaria Municipal de Urbanismo de construir a quadra fora da escola, [&hellip;]<\/p>\n","protected":false},"author":2,"featured_media":46937,"comment_status":"open","ping_status":"open","sticky":false,"template":"","format":"standard","meta":{"footnotes":"","_links_to":"","_links_to_target":""},"categories":[1],"tags":[],"class_list":["post-46934","post","type-post","status-publish","format-standard","has-post-thumbnail","hentry","category-geral"],"views":1283,"_links":{"self":[{"href":"https:\/\/www.sudoestehoje.com.br\/novoportal\/wp-json\/wp\/v2\/posts\/46934","targetHints":{"allow":["GET"]}}],"collection":[{"href":"https:\/\/www.sudoestehoje.com.br\/novoportal\/wp-json\/wp\/v2\/posts"}],"about":[{"href":"https:\/\/www.sudoestehoje.com.br\/novoportal\/wp-json\/wp\/v2\/types\/post"}],"author":[{"embeddable":true,"href":"https:\/\/www.sudoestehoje.com.br\/novoportal\/wp-json\/wp\/v2\/users\/2"}],"replies":[{"embeddable":true,"href":"https:\/\/www.sudoestehoje.com.br\/novoportal\/wp-json\/wp\/v2\/comments?post=46934"}],"version-history":[{"count":4,"href":"https:\/\/www.sudoestehoje.com.br\/novoportal\/wp-json\/wp\/v2\/posts\/46934\/revisions"}],"predecessor-version":[{"id":46955,"href":"https:\/\/www.sudoestehoje.com.br\/novoportal\/wp-json\/wp\/v2\/posts\/46934\/revisions\/46955"}],"wp:featuredmedia":[{"embeddable":true,"href":"https:\/\/www.sudoestehoje.com.br\/novoportal\/wp-json\/wp\/v2\/media\/46937"}],"wp:attachment":[{"href":"https:\/\/www.sudoestehoje.com.br\/novoportal\/wp-json\/wp\/v2\/media?parent=46934"}],"wp:term":[{"taxonomy":"category","embeddable":true,"href":"https:\/\/www.sudoestehoje.com.br\/novoportal\/wp-json\/wp\/v2\/categories?post=46934"},{"taxonomy":"post_tag","embeddable":true,"href":"https:\/\/www.sudoestehoje.com.br\/novoportal\/wp-json\/wp\/v2\/tags?post=46934"}],"curies":[{"name":"wp","href":"https:\/\/api.w.org\/{rel}","templated":true}]}}