
{"id":46929,"date":"2015-02-20T00:57:14","date_gmt":"2015-02-20T03:57:14","guid":{"rendered":"http:\/\/www.sudoestehoje.com.br\/novoportal\/?p=46929"},"modified":"2015-02-20T01:05:37","modified_gmt":"2015-02-20T04:05:37","slug":"novo-presidente-da-camara-quer-acabar-com-o-exame-da-oab","status":"publish","type":"post","link":"https:\/\/www.sudoestehoje.com.br\/novoportal\/2015\/02\/20\/novo-presidente-da-camara-quer-acabar-com-o-exame-da-oab\/","title":{"rendered":"NOVO PRESIDENTE DA C\u00c2MARA QUER ACABAR COM O EXAME DA OAB"},"content":{"rendered":"<p><a href=\"http:\/\/www.sudoestehoje.com.br\/novoportal\/wp-content\/uploads\/2015\/02\/OAB-CARTEIRA.jpg\"><img loading=\"lazy\" decoding=\"async\" class=\"aligncenter size-full wp-image-46930\" src=\"http:\/\/www.sudoestehoje.com.br\/novoportal\/wp-content\/uploads\/2015\/02\/OAB-CARTEIRA.jpg\" alt=\"OAB CARTEIRA\" width=\"500\" height=\"306\" srcset=\"https:\/\/www.sudoestehoje.com.br\/novoportal\/wp-content\/uploads\/2015\/02\/OAB-CARTEIRA.jpg 500w, https:\/\/www.sudoestehoje.com.br\/novoportal\/wp-content\/uploads\/2015\/02\/OAB-CARTEIRA-150x91.jpg 150w\" sizes=\"auto, (max-width: 500px) 100vw, 500px\" \/><\/a><\/p>\n<p>Um dos desafios de quem \u00e9 formado em Direito \u00e9 ter que passar pelo Exame Nacional da Ordem de Advogados do Brasil (OAB-BA) para atuar como advogado. Quem quiser manifestar opini\u00e3o contr\u00e1ria ou a favor \u00e0 exist\u00eancia da prova poder\u00e1 votar em enquete no site da C\u00e2mara dos Deputados.<\/p>\n<div>A sondagem pretende saber a opini\u00e3o dos internautas sobre o projeto de lei do presidente da Casa, deputado Eduardo Cunha. A proposta encontra resist\u00eancia da OAB, que questiona a relatoria do parlamentar por ele n\u00e3o ter forma\u00e7\u00e3o jur\u00eddica. A enquete pode ser respondida\u00a0<em><strong><a href=\"http:\/\/www2.camara.leg.br\/enquetes\/?wicket:interface=:0:1:::\" target=\"_blank\">aqui<\/a>.<\/strong><\/em><\/div>\n<div><\/div>\n<div><img decoding=\"async\" class=\"aligncenter\" src=\"http:\/\/www.sudoestehoje.com.br\/novoportal\/wp-content\/uploads\/2015\/02\/NOVO-BANNER-COOLEITE-500x250.jpg\" alt=\"NOVO BANNER COOLEITE\" \/><\/div>\n","protected":false},"excerpt":{"rendered":"<p>Um dos desafios de quem \u00e9 formado em Direito \u00e9 ter que passar pelo Exame Nacional da Ordem de Advogados do Brasil (OAB-BA) para atuar como advogado. Quem quiser manifestar opini\u00e3o contr\u00e1ria ou a favor \u00e0 exist\u00eancia da prova poder\u00e1 votar em enquete no site da C\u00e2mara dos Deputados. A sondagem pretende saber a opini\u00e3o [&hellip;]<\/p>\n","protected":false},"author":2,"featured_media":0,"comment_status":"open","ping_status":"open","sticky":false,"template":"","format":"standard","meta":{"footnotes":"","_links_to":"","_links_to_target":""},"categories":[1],"tags":[],"class_list":["post-46929","post","type-post","status-publish","format-standard","hentry","category-geral"],"views":2316,"_links":{"self":[{"href":"https:\/\/www.sudoestehoje.com.br\/novoportal\/wp-json\/wp\/v2\/posts\/46929","targetHints":{"allow":["GET"]}}],"collection":[{"href":"https:\/\/www.sudoestehoje.com.br\/novoportal\/wp-json\/wp\/v2\/posts"}],"about":[{"href":"https:\/\/www.sudoestehoje.com.br\/novoportal\/wp-json\/wp\/v2\/types\/post"}],"author":[{"embeddable":true,"href":"https:\/\/www.sudoestehoje.com.br\/novoportal\/wp-json\/wp\/v2\/users\/2"}],"replies":[{"embeddable":true,"href":"https:\/\/www.sudoestehoje.com.br\/novoportal\/wp-json\/wp\/v2\/comments?post=46929"}],"version-history":[{"count":3,"href":"https:\/\/www.sudoestehoje.com.br\/novoportal\/wp-json\/wp\/v2\/posts\/46929\/revisions"}],"predecessor-version":[{"id":46933,"href":"https:\/\/www.sudoestehoje.com.br\/novoportal\/wp-json\/wp\/v2\/posts\/46929\/revisions\/46933"}],"wp:attachment":[{"href":"https:\/\/www.sudoestehoje.com.br\/novoportal\/wp-json\/wp\/v2\/media?parent=46929"}],"wp:term":[{"taxonomy":"category","embeddable":true,"href":"https:\/\/www.sudoestehoje.com.br\/novoportal\/wp-json\/wp\/v2\/categories?post=46929"},{"taxonomy":"post_tag","embeddable":true,"href":"https:\/\/www.sudoestehoje.com.br\/novoportal\/wp-json\/wp\/v2\/tags?post=46929"}],"curies":[{"name":"wp","href":"https:\/\/api.w.org\/{rel}","templated":true}]}}