
{"id":46917,"date":"2015-02-19T21:00:01","date_gmt":"2015-02-20T00:00:01","guid":{"rendered":"http:\/\/www.sudoestehoje.com.br\/novoportal\/?p=46917"},"modified":"2015-02-19T21:05:25","modified_gmt":"2015-02-20T00:05:25","slug":"itapetinga-camara-nao-funciona-enquanto-ze-carlos-nao-chega","status":"publish","type":"post","link":"https:\/\/www.sudoestehoje.com.br\/novoportal\/2015\/02\/19\/itapetinga-camara-nao-funciona-enquanto-ze-carlos-nao-chega\/","title":{"rendered":"ITAPETINGA: C\u00c2MARA N\u00c3O FUNCIONA, ENQUANTO Z\u00c9 CARLOS N\u00c3O VEM"},"content":{"rendered":"<div id=\"attachment_46918\" style=\"width: 509px\" class=\"wp-caption aligncenter\"><a href=\"http:\/\/www.sudoestehoje.com.br\/novoportal\/wp-content\/uploads\/2015\/02\/abertura.jpg\"><img loading=\"lazy\" decoding=\"async\" aria-describedby=\"caption-attachment-46918\" class=\" wp-image-46918\" src=\"http:\/\/www.sudoestehoje.com.br\/novoportal\/wp-content\/uploads\/2015\/02\/abertura.jpg\" alt=\"C\u00e2mara de Vereadores espera retorno do prefeito para voltar a funcionar. Subservi\u00eancia humilhante.\" width=\"499\" height=\"236\" srcset=\"https:\/\/www.sudoestehoje.com.br\/novoportal\/wp-content\/uploads\/2015\/02\/abertura.jpg 400w, https:\/\/www.sudoestehoje.com.br\/novoportal\/wp-content\/uploads\/2015\/02\/abertura-150x70.jpg 150w\" sizes=\"auto, (max-width: 499px) 100vw, 499px\" \/><\/a><p id=\"caption-attachment-46918\" class=\"wp-caption-text\">C\u00e2mara de Vereadores espera retorno do prefeito para voltar a funcionar. Subservi\u00eancia humilhante.<\/p><\/div>\n<p>Demonstrando toda a sua submiss\u00e3o aos caprichos do prefeito Z\u00e9 Carlos, um boa vida de carteirinha, a C\u00e2mara de Vereadores de Itapetinga ainda n\u00e3o reiniciou os seus trabalhos legislativos, apesar do recesso j\u00e1 ter encerrado desde o dia 15 \u00faltimo.<\/p>\n<p>Como a data caiu num domingo, as sess\u00f5es deveriam ocorrer na primeira quarta ou quinta-feira subsequente, mas o novo presidente da casa, Valdeir Chagas (PDT), prorrogou a reabertura dos trabalhos para a pr\u00f3xima semana, atendendo a um pedido do prefeito Z\u00e9 Carlos, que n\u00e3o quis interromper a sua famosa &#8216;agenda de lazer&#8217;, nos dias p\u00f3s-carnaval, para ler a sua ultra repetida e obrigat\u00f3ria &#8216;Mensagem&#8217;, que ele acha uma &#8220;chatice&#8221;.<\/p>\n<p>Antes disto, por\u00e9m, os subs\u00eddios, jetons, di\u00e1rias e sabe-se l\u00e1 o que mais, caem na conta da nossa edilidade, na manh\u00e3 desta sexta-feira (20), como sem falta.<\/p>\n<p><strong><em>Por Davi Ferraz<\/em><\/strong><\/p>\n<p><img decoding=\"async\" class=\"aligncenter\" src=\"http:\/\/www.sudoestehoje.com.br\/novoportal\/wp-content\/uploads\/2014\/11\/Logomarca-HB-Sementes-500x134.jpg\" alt=\"Logomarca HB Sementes\" \/><\/p>\n","protected":false},"excerpt":{"rendered":"<p>Demonstrando toda a sua submiss\u00e3o aos caprichos do prefeito Z\u00e9 Carlos, um boa vida de carteirinha, a C\u00e2mara de Vereadores de Itapetinga ainda n\u00e3o reiniciou os seus trabalhos legislativos, apesar do recesso j\u00e1 ter encerrado desde o dia 15 \u00faltimo. Como a data caiu num domingo, as sess\u00f5es deveriam ocorrer na primeira quarta ou quinta-feira [&hellip;]<\/p>\n","protected":false},"author":2,"featured_media":0,"comment_status":"open","ping_status":"open","sticky":false,"template":"","format":"standard","meta":{"footnotes":"","_links_to":"","_links_to_target":""},"categories":[1],"tags":[],"class_list":["post-46917","post","type-post","status-publish","format-standard","hentry","category-geral"],"views":1183,"_links":{"self":[{"href":"https:\/\/www.sudoestehoje.com.br\/novoportal\/wp-json\/wp\/v2\/posts\/46917","targetHints":{"allow":["GET"]}}],"collection":[{"href":"https:\/\/www.sudoestehoje.com.br\/novoportal\/wp-json\/wp\/v2\/posts"}],"about":[{"href":"https:\/\/www.sudoestehoje.com.br\/novoportal\/wp-json\/wp\/v2\/types\/post"}],"author":[{"embeddable":true,"href":"https:\/\/www.sudoestehoje.com.br\/novoportal\/wp-json\/wp\/v2\/users\/2"}],"replies":[{"embeddable":true,"href":"https:\/\/www.sudoestehoje.com.br\/novoportal\/wp-json\/wp\/v2\/comments?post=46917"}],"version-history":[{"count":4,"href":"https:\/\/www.sudoestehoje.com.br\/novoportal\/wp-json\/wp\/v2\/posts\/46917\/revisions"}],"predecessor-version":[{"id":46922,"href":"https:\/\/www.sudoestehoje.com.br\/novoportal\/wp-json\/wp\/v2\/posts\/46917\/revisions\/46922"}],"wp:attachment":[{"href":"https:\/\/www.sudoestehoje.com.br\/novoportal\/wp-json\/wp\/v2\/media?parent=46917"}],"wp:term":[{"taxonomy":"category","embeddable":true,"href":"https:\/\/www.sudoestehoje.com.br\/novoportal\/wp-json\/wp\/v2\/categories?post=46917"},{"taxonomy":"post_tag","embeddable":true,"href":"https:\/\/www.sudoestehoje.com.br\/novoportal\/wp-json\/wp\/v2\/tags?post=46917"}],"curies":[{"name":"wp","href":"https:\/\/api.w.org\/{rel}","templated":true}]}}