
{"id":46914,"date":"2015-02-19T19:34:24","date_gmt":"2015-02-19T22:34:24","guid":{"rendered":"http:\/\/www.sudoestehoje.com.br\/novoportal\/?p=46914"},"modified":"2015-02-19T21:06:22","modified_gmt":"2015-02-20T00:06:22","slug":"gabrielli-vai-depor-na-lava-jato-como-testemunha-de-cervero","status":"publish","type":"post","link":"https:\/\/www.sudoestehoje.com.br\/novoportal\/2015\/02\/19\/gabrielli-vai-depor-na-lava-jato-como-testemunha-de-cervero\/","title":{"rendered":"GABRIELLI VAI DEPOR NA LAVA JATO COMO TESTEMUNHA DE CERVER\u00d3"},"content":{"rendered":"<p><a href=\"http:\/\/www.sudoestehoje.com.br\/novoportal\/wp-content\/uploads\/2015\/02\/LAVA.jpg\"><img loading=\"lazy\" decoding=\"async\" class=\"aligncenter size-medium wp-image-46915\" src=\"http:\/\/www.sudoestehoje.com.br\/novoportal\/wp-content\/uploads\/2015\/02\/LAVA-500x281.jpg\" alt=\"LAVA\" width=\"500\" height=\"281\" srcset=\"https:\/\/www.sudoestehoje.com.br\/novoportal\/wp-content\/uploads\/2015\/02\/LAVA-500x281.jpg 500w, https:\/\/www.sudoestehoje.com.br\/novoportal\/wp-content\/uploads\/2015\/02\/LAVA-150x84.jpg 150w, https:\/\/www.sudoestehoje.com.br\/novoportal\/wp-content\/uploads\/2015\/02\/LAVA.jpg 597w\" sizes=\"auto, (max-width: 500px) 100vw, 500px\" \/><\/a><\/p>\n<p>O ex-presidente da Petrobras Jos\u00e9 Sergio Gabrielli foi intimado pela Justi\u00e7a Federal a prestar depoimento no pr\u00f3ximo dia 23 de mar\u00e7o como testemunha de defesa de r\u00e9us investigados pela Opera\u00e7\u00e3o Lava Jato. Gabrielli foi convocado como testemunha do ex-diretor da \u00c1rea Internacional da estatal Nestor Cerver\u00f3 e do lobista Fernando Soares, conhecido como Fernando Baiano,\u00a0apontado como o operador do PMDB no esc\u00e2ndalo do petrol\u00e3o.<\/p>\n<p>Cerver\u00f3 e Baiano respondem aos crimes de corrup\u00e7\u00e3o e lavagem de dinheiro em a\u00e7\u00e3o penal na qual o lobista \u00e9 apontado como respons\u00e1vel por pagamentos de propina ao ex-diretor da Petrobras em troca de um contrato da estatal com a Samsung Heavy Industries. O ex-diretor\u00a0chegou a listar a presidente Dilma Rousseff como uma de suas testemunhas, mas depois recuou da iniciativa. Alegou que o neg\u00f3cio com a Samsung n\u00e3o passou pelo crivo do conselho de administra\u00e7\u00e3o, presidido por Dilma na ocasi\u00e3o.<\/p>\n<p><img decoding=\"async\" class=\"aligncenter\" src=\"http:\/\/www.sudoestehoje.com.br\/novoportal\/wp-content\/uploads\/2014\/12\/skala-novo.jpg\" alt=\"skala novo\" \/><\/p>\n","protected":false},"excerpt":{"rendered":"<p>O ex-presidente da Petrobras Jos\u00e9 Sergio Gabrielli foi intimado pela Justi\u00e7a Federal a prestar depoimento no pr\u00f3ximo dia 23 de mar\u00e7o como testemunha de defesa de r\u00e9us investigados pela Opera\u00e7\u00e3o Lava Jato. Gabrielli foi convocado como testemunha do ex-diretor da \u00c1rea Internacional da estatal Nestor Cerver\u00f3 e do lobista Fernando Soares, conhecido como Fernando Baiano,\u00a0apontado [&hellip;]<\/p>\n","protected":false},"author":2,"featured_media":0,"comment_status":"open","ping_status":"open","sticky":false,"template":"","format":"standard","meta":{"footnotes":"","_links_to":"","_links_to_target":""},"categories":[1],"tags":[],"class_list":["post-46914","post","type-post","status-publish","format-standard","hentry","category-geral"],"views":1170,"_links":{"self":[{"href":"https:\/\/www.sudoestehoje.com.br\/novoportal\/wp-json\/wp\/v2\/posts\/46914","targetHints":{"allow":["GET"]}}],"collection":[{"href":"https:\/\/www.sudoestehoje.com.br\/novoportal\/wp-json\/wp\/v2\/posts"}],"about":[{"href":"https:\/\/www.sudoestehoje.com.br\/novoportal\/wp-json\/wp\/v2\/types\/post"}],"author":[{"embeddable":true,"href":"https:\/\/www.sudoestehoje.com.br\/novoportal\/wp-json\/wp\/v2\/users\/2"}],"replies":[{"embeddable":true,"href":"https:\/\/www.sudoestehoje.com.br\/novoportal\/wp-json\/wp\/v2\/comments?post=46914"}],"version-history":[{"count":2,"href":"https:\/\/www.sudoestehoje.com.br\/novoportal\/wp-json\/wp\/v2\/posts\/46914\/revisions"}],"predecessor-version":[{"id":46923,"href":"https:\/\/www.sudoestehoje.com.br\/novoportal\/wp-json\/wp\/v2\/posts\/46914\/revisions\/46923"}],"wp:attachment":[{"href":"https:\/\/www.sudoestehoje.com.br\/novoportal\/wp-json\/wp\/v2\/media?parent=46914"}],"wp:term":[{"taxonomy":"category","embeddable":true,"href":"https:\/\/www.sudoestehoje.com.br\/novoportal\/wp-json\/wp\/v2\/categories?post=46914"},{"taxonomy":"post_tag","embeddable":true,"href":"https:\/\/www.sudoestehoje.com.br\/novoportal\/wp-json\/wp\/v2\/tags?post=46914"}],"curies":[{"name":"wp","href":"https:\/\/api.w.org\/{rel}","templated":true}]}}