
{"id":46890,"date":"2015-02-18T16:46:23","date_gmt":"2015-02-18T19:46:23","guid":{"rendered":"http:\/\/www.sudoestehoje.com.br\/novoportal\/?p=46890"},"modified":"2015-02-18T19:12:12","modified_gmt":"2015-02-18T22:12:12","slug":"novas-demissoes-na-vulcabrasazaleia-ainda-nao-estao-descartadas","status":"publish","type":"post","link":"https:\/\/www.sudoestehoje.com.br\/novoportal\/2015\/02\/18\/novas-demissoes-na-vulcabrasazaleia-ainda-nao-estao-descartadas\/","title":{"rendered":"NOVAS DEMISS\u00d5ES NA VULCABRAS\/AZAL\u00c9IA AINDA N\u00c3O EST\u00c3O DESCARTADAS"},"content":{"rendered":"<p><a href=\"http:\/\/www.sudoestehoje.com.br\/novoportal\/wp-content\/uploads\/2015\/02\/D2.jpg\"><img loading=\"lazy\" decoding=\"async\" class=\"aligncenter size-medium wp-image-46891\" src=\"http:\/\/www.sudoestehoje.com.br\/novoportal\/wp-content\/uploads\/2015\/02\/D2-500x280.jpg\" alt=\"D2\" width=\"500\" height=\"280\" srcset=\"https:\/\/www.sudoestehoje.com.br\/novoportal\/wp-content\/uploads\/2015\/02\/D2-500x280.jpg 500w, https:\/\/www.sudoestehoje.com.br\/novoportal\/wp-content\/uploads\/2015\/02\/D2-700x393.jpg 700w, https:\/\/www.sudoestehoje.com.br\/novoportal\/wp-content\/uploads\/2015\/02\/D2-150x84.jpg 150w, https:\/\/www.sudoestehoje.com.br\/novoportal\/wp-content\/uploads\/2015\/02\/D2.jpg 960w\" sizes=\"auto, (max-width: 500px) 100vw, 500px\" \/><\/a><\/p>\n<p>Passado o recesso de Carnaval, todas as aten\u00e7\u00f5es se voltam novamente para a Vulcabras\/Azaleia, maior empregadora do munic\u00edpio e regi\u00e3o, que no m\u00eas passado demitiu 670 empregados, de uma canetada s\u00f3.<\/p>\n<p>Embora a Azal\u00e9ia tenha dado uma freada estrat\u00e9gica no seu plano de demitir todos os empregados que residem nos munic\u00edpios vizinhos, cerca de 1600, o fantasma do desemprego ainda ronda a f\u00e1brica. O sindicato da categoria est\u00e1 apreensivo e h\u00e1 quem afirme que no final deste m\u00eas de fevereiro, uma nova leva de demiss\u00f5es pode ocorrer.<\/p>\n<p>Da parte do governo do estado, somente o secret\u00e1rio do trabalho se movimentou, mas a sua a\u00e7\u00e3o isolada n\u00e3o garante nada, resumindo-se, apenas, em pedir a prorroga\u00e7\u00e3o do per\u00edodo do seguro-desemprego para aqueles que j\u00e1 foram demitidos, uma medida meramente paliativa que n\u00e3o deve vingar, face \u00e0s recentes medidas do governo federal que visam restringir esse benef\u00edcio, duramente conquistado pelos trabalhadores.<\/p>\n<p>Assim, s\u00f3 resta torcer para que o pior n\u00e3o aconte\u00e7a.<\/p>\n<p><strong><em>Por Davi Ferraz<\/em><\/strong><\/p>\n<p><img decoding=\"async\" class=\"aligncenter\" src=\"http:\/\/www.sudoestehoje.com.br\/novoportal\/wp-content\/uploads\/2015\/01\/skala-2015-500x166.jpg\" alt=\"skala 2015\" \/><\/p>\n","protected":false},"excerpt":{"rendered":"<p>Passado o recesso de Carnaval, todas as aten\u00e7\u00f5es se voltam novamente para a Vulcabras\/Azaleia, maior empregadora do munic\u00edpio e regi\u00e3o, que no m\u00eas passado demitiu 670 empregados, de uma canetada s\u00f3. Embora a Azal\u00e9ia tenha dado uma freada estrat\u00e9gica no seu plano de demitir todos os empregados que residem nos munic\u00edpios vizinhos, cerca de 1600, [&hellip;]<\/p>\n","protected":false},"author":2,"featured_media":0,"comment_status":"open","ping_status":"open","sticky":false,"template":"","format":"standard","meta":{"footnotes":"","_links_to":"","_links_to_target":""},"categories":[1],"tags":[],"class_list":["post-46890","post","type-post","status-publish","format-standard","hentry","category-geral"],"views":1468,"_links":{"self":[{"href":"https:\/\/www.sudoestehoje.com.br\/novoportal\/wp-json\/wp\/v2\/posts\/46890","targetHints":{"allow":["GET"]}}],"collection":[{"href":"https:\/\/www.sudoestehoje.com.br\/novoportal\/wp-json\/wp\/v2\/posts"}],"about":[{"href":"https:\/\/www.sudoestehoje.com.br\/novoportal\/wp-json\/wp\/v2\/types\/post"}],"author":[{"embeddable":true,"href":"https:\/\/www.sudoestehoje.com.br\/novoportal\/wp-json\/wp\/v2\/users\/2"}],"replies":[{"embeddable":true,"href":"https:\/\/www.sudoestehoje.com.br\/novoportal\/wp-json\/wp\/v2\/comments?post=46890"}],"version-history":[{"count":6,"href":"https:\/\/www.sudoestehoje.com.br\/novoportal\/wp-json\/wp\/v2\/posts\/46890\/revisions"}],"predecessor-version":[{"id":46908,"href":"https:\/\/www.sudoestehoje.com.br\/novoportal\/wp-json\/wp\/v2\/posts\/46890\/revisions\/46908"}],"wp:attachment":[{"href":"https:\/\/www.sudoestehoje.com.br\/novoportal\/wp-json\/wp\/v2\/media?parent=46890"}],"wp:term":[{"taxonomy":"category","embeddable":true,"href":"https:\/\/www.sudoestehoje.com.br\/novoportal\/wp-json\/wp\/v2\/categories?post=46890"},{"taxonomy":"post_tag","embeddable":true,"href":"https:\/\/www.sudoestehoje.com.br\/novoportal\/wp-json\/wp\/v2\/tags?post=46890"}],"curies":[{"name":"wp","href":"https:\/\/api.w.org\/{rel}","templated":true}]}}