
{"id":46877,"date":"2015-02-17T20:34:25","date_gmt":"2015-02-17T23:34:25","guid":{"rendered":"http:\/\/www.sudoestehoje.com.br\/novoportal\/?p=46877"},"modified":"2015-02-17T20:34:25","modified_gmt":"2015-02-17T23:34:25","slug":"joaquim-barbosa-contra-ataca-petistas-e-diz-que-e-cidadao-livre","status":"publish","type":"post","link":"https:\/\/www.sudoestehoje.com.br\/novoportal\/2015\/02\/17\/joaquim-barbosa-contra-ataca-petistas-e-diz-que-e-cidadao-livre\/","title":{"rendered":"JOAQUIM BARBOSA CONTRA-ATACA PETISTAS E DIZ QUE \u00c9 &#8220;CIDAD\u00c3O LIVRE&#8221;"},"content":{"rendered":"<p><a href=\"http:\/\/www.sudoestehoje.com.br\/novoportal\/wp-content\/uploads\/2015\/02\/barbosa-j.jpg\"><img loading=\"lazy\" decoding=\"async\" class=\"aligncenter size-medium wp-image-46878\" src=\"http:\/\/www.sudoestehoje.com.br\/novoportal\/wp-content\/uploads\/2015\/02\/barbosa-j-500x281.jpg\" alt=\"barbosa j\" width=\"500\" height=\"281\" srcset=\"https:\/\/www.sudoestehoje.com.br\/novoportal\/wp-content\/uploads\/2015\/02\/barbosa-j-500x281.jpg 500w, https:\/\/www.sudoestehoje.com.br\/novoportal\/wp-content\/uploads\/2015\/02\/barbosa-j-150x84.jpg 150w, https:\/\/www.sudoestehoje.com.br\/novoportal\/wp-content\/uploads\/2015\/02\/barbosa-j.jpg 597w\" sizes=\"auto, (max-width: 500px) 100vw, 500px\" \/><\/a><\/p>\n<p>O ex-presidente do Supremo Tribunal Federal e ex-relator do mensal\u00e3o, Joaquim Barbosa, reagiu nesta ter\u00e7a-feira \u00e0 f\u00faria da tropa virtual do PT, que passou a bombarde\u00e1-lo nas redes sociais. Na noite de s\u00e1bado, Barbosa pediu a demiss\u00e3o do ministro Jos\u00e9 Eduardo\u00a0Cardozo (Justi\u00e7a) por ter mantido encontros sigilosos\u00a0com os advogados dos executivos presos na Opera\u00e7\u00e3o Lava Jato da Pol\u00edcia Federal.\u00a0<strong><a href=\"http:\/\/veja.abril.com.br\/noticia\/brasil\/as-conversas-improprias-do-ministro-da-justica\" target=\"_blank\">Reportagem de VEJA<\/a><\/strong> desta semana mostra as conversas impr\u00f3prias do ministro. N\u00e3o por acaso, os advogados gostaram do que ouviram de Cardozo.\u00a0Dirigentes do PT tamb\u00e9m atacaram Barbosa, segundo a <em><strong><a href=\"http:\/\/www1.folha.uol.com.br\/poder\/2015\/02\/1590784-apos-barbosa-defender-demissao-petistas-criticam-pressao-contra-cardozo.shtml\" target=\"_blank\">Folha de S. Paulo<\/a><\/strong><\/em>.<\/p>\n<p>Hoje, o ex-presidente do Supremo escreveu em sua conta no Twitter: &#8220;Sobre\u00a0as rea\u00e7\u00f5es aos meus posts recentes sobre confus\u00e3o entre pol\u00edtica e Justi\u00e7a: meus cr\u00edticos fingem n\u00e3o saber que hoje\u00a0sou um cidad\u00e3o livre&#8221;. A exemplo do que fizera em 2013, durante o julgamento do mensal\u00e3o, ele voltou a usar a express\u00e3o &#8220;plumes \u00e0 gages&#8221; \u2013 numa tradu\u00e7\u00e3o aproximada\u00a0em franc\u00eas, refere-se\u00a0a cr\u00edticos\u00a0que\u00a0se manifestam\u00a0a servi\u00e7o de algu\u00e9m.\u00a0&#8220;\u00c0s &#8216;plumes-\u00e0-gages&#8217;\u00a0furiosas com meus coment\u00e1rios: experimentem ser livres!\u00a0Sei que isso seria extremamente penoso e &#8216;custoso&#8217;\u00a0para voc\u00eas'&#8221;, disse.<\/p>\n","protected":false},"excerpt":{"rendered":"<p>O ex-presidente do Supremo Tribunal Federal e ex-relator do mensal\u00e3o, Joaquim Barbosa, reagiu nesta ter\u00e7a-feira \u00e0 f\u00faria da tropa virtual do PT, que passou a bombarde\u00e1-lo nas redes sociais. Na noite de s\u00e1bado, Barbosa pediu a demiss\u00e3o do ministro Jos\u00e9 Eduardo\u00a0Cardozo (Justi\u00e7a) por ter mantido encontros sigilosos\u00a0com os advogados dos executivos presos na Opera\u00e7\u00e3o Lava [&hellip;]<\/p>\n","protected":false},"author":2,"featured_media":0,"comment_status":"open","ping_status":"open","sticky":false,"template":"","format":"standard","meta":{"footnotes":"","_links_to":"","_links_to_target":""},"categories":[1],"tags":[],"class_list":["post-46877","post","type-post","status-publish","format-standard","hentry","category-geral"],"views":1212,"_links":{"self":[{"href":"https:\/\/www.sudoestehoje.com.br\/novoportal\/wp-json\/wp\/v2\/posts\/46877","targetHints":{"allow":["GET"]}}],"collection":[{"href":"https:\/\/www.sudoestehoje.com.br\/novoportal\/wp-json\/wp\/v2\/posts"}],"about":[{"href":"https:\/\/www.sudoestehoje.com.br\/novoportal\/wp-json\/wp\/v2\/types\/post"}],"author":[{"embeddable":true,"href":"https:\/\/www.sudoestehoje.com.br\/novoportal\/wp-json\/wp\/v2\/users\/2"}],"replies":[{"embeddable":true,"href":"https:\/\/www.sudoestehoje.com.br\/novoportal\/wp-json\/wp\/v2\/comments?post=46877"}],"version-history":[{"count":1,"href":"https:\/\/www.sudoestehoje.com.br\/novoportal\/wp-json\/wp\/v2\/posts\/46877\/revisions"}],"predecessor-version":[{"id":46879,"href":"https:\/\/www.sudoestehoje.com.br\/novoportal\/wp-json\/wp\/v2\/posts\/46877\/revisions\/46879"}],"wp:attachment":[{"href":"https:\/\/www.sudoestehoje.com.br\/novoportal\/wp-json\/wp\/v2\/media?parent=46877"}],"wp:term":[{"taxonomy":"category","embeddable":true,"href":"https:\/\/www.sudoestehoje.com.br\/novoportal\/wp-json\/wp\/v2\/categories?post=46877"},{"taxonomy":"post_tag","embeddable":true,"href":"https:\/\/www.sudoestehoje.com.br\/novoportal\/wp-json\/wp\/v2\/tags?post=46877"}],"curies":[{"name":"wp","href":"https:\/\/api.w.org\/{rel}","templated":true}]}}