
{"id":46870,"date":"2015-02-17T09:44:40","date_gmt":"2015-02-17T12:44:40","guid":{"rendered":"http:\/\/www.sudoestehoje.com.br\/novoportal\/?p=46870"},"modified":"2015-02-17T09:44:40","modified_gmt":"2015-02-17T12:44:40","slug":"indonesia-brasileiro-condenado-a-morte-e-levado-para-ilha-de-execucao","status":"publish","type":"post","link":"https:\/\/www.sudoestehoje.com.br\/novoportal\/2015\/02\/17\/indonesia-brasileiro-condenado-a-morte-e-levado-para-ilha-de-execucao\/","title":{"rendered":"INDON\u00c9SIA: BRASILEIRO CONDENADO \u00c0 MORTE \u00c9 LEVADO PARA ILHA DE EXECU\u00c7\u00c3O"},"content":{"rendered":"<p><a href=\"http:\/\/www.sudoestehoje.com.br\/novoportal\/wp-content\/uploads\/2015\/02\/PARA-A-MORTE-2.jpg\"><img loading=\"lazy\" decoding=\"async\" class=\"aligncenter size-medium wp-image-46872\" src=\"http:\/\/www.sudoestehoje.com.br\/novoportal\/wp-content\/uploads\/2015\/02\/PARA-A-MORTE-2-500x400.jpg\" alt=\"PARA A MORTE 2\" width=\"500\" height=\"400\" srcset=\"https:\/\/www.sudoestehoje.com.br\/novoportal\/wp-content\/uploads\/2015\/02\/PARA-A-MORTE-2-500x400.jpg 500w, https:\/\/www.sudoestehoje.com.br\/novoportal\/wp-content\/uploads\/2015\/02\/PARA-A-MORTE-2-150x120.jpg 150w, https:\/\/www.sudoestehoje.com.br\/novoportal\/wp-content\/uploads\/2015\/02\/PARA-A-MORTE-2.jpg 600w\" sizes=\"auto, (max-width: 500px) 100vw, 500px\" \/><\/a><\/p>\n<p>Os condenados \u00e0 morte por tr\u00e1fico de drogas na Indon\u00e9sia, entre eles o brasileiro Rodrigo Gularte, ser\u00e3o transferidos para uma pris\u00e3o em uma ilha, onde ser\u00e3o executados, apesar dos apelos internacionais. No total, s\u00e3o oito pessoas que est\u00e3o no corredor da morte.<\/p>\n<p>Dentre os condenados est\u00e3o tamb\u00e9m os australianos Andrew Chan e Myuran Sukumaran, al\u00e9m de homens da Indon\u00e9sia, Fran\u00e7a, Gana e Nig\u00e9ria e de uma mulher filipina.<\/p>\n<p>De acordo com o governo indon\u00e9sio, todas as possibilidades de revers\u00e3o da pena j\u00e1 se esgotaram, e que a transfer\u00eancia acontecer\u00e1 nesta semana. A data das execu\u00e7\u00f5es n\u00e3o foi anunciada.<\/p>\n<p>Os condenados ser\u00e3o executados por pelot\u00f5es de fuzilamento e ser\u00e3o alvejados em pares.\u00a0Alguns especialistas em direitos humanos afirmam que relat\u00f3rios indicam que o julgamento de alguns dos r\u00e9us n\u00e3o atendeu padr\u00f5es internacionais de imparcialidade.<\/p>\n","protected":false},"excerpt":{"rendered":"<p>Os condenados \u00e0 morte por tr\u00e1fico de drogas na Indon\u00e9sia, entre eles o brasileiro Rodrigo Gularte, ser\u00e3o transferidos para uma pris\u00e3o em uma ilha, onde ser\u00e3o executados, apesar dos apelos internacionais. No total, s\u00e3o oito pessoas que est\u00e3o no corredor da morte. Dentre os condenados est\u00e3o tamb\u00e9m os australianos Andrew Chan e Myuran Sukumaran, al\u00e9m [&hellip;]<\/p>\n","protected":false},"author":2,"featured_media":0,"comment_status":"open","ping_status":"open","sticky":false,"template":"","format":"standard","meta":{"footnotes":"","_links_to":"","_links_to_target":""},"categories":[1],"tags":[],"class_list":["post-46870","post","type-post","status-publish","format-standard","hentry","category-geral"],"views":1375,"_links":{"self":[{"href":"https:\/\/www.sudoestehoje.com.br\/novoportal\/wp-json\/wp\/v2\/posts\/46870","targetHints":{"allow":["GET"]}}],"collection":[{"href":"https:\/\/www.sudoestehoje.com.br\/novoportal\/wp-json\/wp\/v2\/posts"}],"about":[{"href":"https:\/\/www.sudoestehoje.com.br\/novoportal\/wp-json\/wp\/v2\/types\/post"}],"author":[{"embeddable":true,"href":"https:\/\/www.sudoestehoje.com.br\/novoportal\/wp-json\/wp\/v2\/users\/2"}],"replies":[{"embeddable":true,"href":"https:\/\/www.sudoestehoje.com.br\/novoportal\/wp-json\/wp\/v2\/comments?post=46870"}],"version-history":[{"count":2,"href":"https:\/\/www.sudoestehoje.com.br\/novoportal\/wp-json\/wp\/v2\/posts\/46870\/revisions"}],"predecessor-version":[{"id":46873,"href":"https:\/\/www.sudoestehoje.com.br\/novoportal\/wp-json\/wp\/v2\/posts\/46870\/revisions\/46873"}],"wp:attachment":[{"href":"https:\/\/www.sudoestehoje.com.br\/novoportal\/wp-json\/wp\/v2\/media?parent=46870"}],"wp:term":[{"taxonomy":"category","embeddable":true,"href":"https:\/\/www.sudoestehoje.com.br\/novoportal\/wp-json\/wp\/v2\/categories?post=46870"},{"taxonomy":"post_tag","embeddable":true,"href":"https:\/\/www.sudoestehoje.com.br\/novoportal\/wp-json\/wp\/v2\/tags?post=46870"}],"curies":[{"name":"wp","href":"https:\/\/api.w.org\/{rel}","templated":true}]}}