
{"id":46860,"date":"2015-02-16T12:51:55","date_gmt":"2015-02-16T15:51:55","guid":{"rendered":"http:\/\/www.sudoestehoje.com.br\/novoportal\/?p=46860"},"modified":"2015-02-16T12:57:53","modified_gmt":"2015-02-16T15:57:53","slug":"salvador-teto-do-camarote-da-brahma-desaba-em-funcao-das-chuvas","status":"publish","type":"post","link":"https:\/\/www.sudoestehoje.com.br\/novoportal\/2015\/02\/16\/salvador-teto-do-camarote-da-brahma-desaba-em-funcao-das-chuvas\/","title":{"rendered":"SALVADOR: TETO DO CAMAROTE DA BRAHMA DESABA EM FUN\u00c7\u00c3O DAS CHUVAS"},"content":{"rendered":"<div>\n<div>\n<p class=\"bodytext\"><a href=\"http:\/\/www.sudoestehoje.com.br\/novoportal\/wp-content\/uploads\/2015\/02\/TETO-CAMAROTE-1.png\"><img loading=\"lazy\" decoding=\"async\" class=\"aligncenter size-medium wp-image-46861\" src=\"http:\/\/www.sudoestehoje.com.br\/novoportal\/wp-content\/uploads\/2015\/02\/TETO-CAMAROTE-1-500x321.png\" alt=\"TETO CAMAROTE 1\" width=\"500\" height=\"321\" srcset=\"https:\/\/www.sudoestehoje.com.br\/novoportal\/wp-content\/uploads\/2015\/02\/TETO-CAMAROTE-1-500x321.png 500w, https:\/\/www.sudoestehoje.com.br\/novoportal\/wp-content\/uploads\/2015\/02\/TETO-CAMAROTE-1-150x96.png 150w, https:\/\/www.sudoestehoje.com.br\/novoportal\/wp-content\/uploads\/2015\/02\/TETO-CAMAROTE-1.png 560w\" sizes=\"auto, (max-width: 500px) 100vw, 500px\" \/><\/a><\/p>\n<p class=\"bodytext\">No inicio da manh\u00e3 desta segunda-feira (16), parte do camarote Bar Brahma, <a class=\"external-link-new-window\" title=\"Opens external link in new window\" href=\"http:\/\/www.ibahia.com\/carnaval\/\" target=\"_blank\"><b>no \u00a0Barra (Circuito Dod\u00f4)<\/b><\/a>, desabou por causa das forte chuvas que ca\u00edram na madrugada em Salvador.<\/p>\n<\/div>\n<div>\n<p class=\"bodytext\">Informa\u00e7\u00f5es d\u00e3o conta que a \u00e1gua acumulou no teto do camarote, que n\u00e3o resistiu ao peso. A assessoria do camarote informou que n\u00e3o haviam foli\u00f5es na hora do acidente e que n\u00e3o houve feridos.<\/p>\n<p class=\"bodytext\"><a href=\"http:\/\/www.sudoestehoje.com.br\/novoportal\/wp-content\/uploads\/2015\/02\/TETO-CAMAROTE-2.png\"><img loading=\"lazy\" decoding=\"async\" class=\"aligncenter size-medium wp-image-46862\" src=\"http:\/\/www.sudoestehoje.com.br\/novoportal\/wp-content\/uploads\/2015\/02\/TETO-CAMAROTE-2-500x321.png\" alt=\"TETO CAMAROTE 2\" width=\"500\" height=\"321\" srcset=\"https:\/\/www.sudoestehoje.com.br\/novoportal\/wp-content\/uploads\/2015\/02\/TETO-CAMAROTE-2-500x321.png 500w, https:\/\/www.sudoestehoje.com.br\/novoportal\/wp-content\/uploads\/2015\/02\/TETO-CAMAROTE-2-150x96.png 150w, https:\/\/www.sudoestehoje.com.br\/novoportal\/wp-content\/uploads\/2015\/02\/TETO-CAMAROTE-2.png 560w\" sizes=\"auto, (max-width: 500px) 100vw, 500px\" \/><\/a><\/p>\n<p class=\"bodytext\">A Pol\u00edcia e o Corpo de Bombeiros isolaram o local e far\u00e3o uma avalia\u00e7\u00e3o t\u00e9cnica, ainda nesta manh\u00e3, para determinar como o camarote poder\u00e1 funcionar nesta segunda.<\/p>\n<p class=\"bodytext\">Seus organizadores v\u00e3o tentar consertar o estrago para o funcionamento na ter\u00e7a-feira (17), mas segundo o Superintendente da Sucom, Silvio Pinheiro, dificilmente haver\u00e1 tempo h\u00e1bil diante do estrago.<\/p>\n<p class=\"bodytext\">Em nota, assessoria do camarote informou que os clientes que j\u00e1 adquiriram acesso ao local, para esta segunda (16) , tem a op\u00e7\u00e3o de comparecer a Central do Carnaval, no Shopping da Bahia, para trocar seus tickets por outros camarotes dispon\u00edveis na loja. Quem n\u00e3o desejar realizar a troca, pode solicitar reembolso do pagamento a ser feito por dep\u00f3sito banc\u00e1rio ap\u00f3s o carnaval.<\/p>\n<\/div>\n<\/div>\n","protected":false},"excerpt":{"rendered":"<p>No inicio da manh\u00e3 desta segunda-feira (16), parte do camarote Bar Brahma, no \u00a0Barra (Circuito Dod\u00f4), desabou por causa das forte chuvas que ca\u00edram na madrugada em Salvador. Informa\u00e7\u00f5es d\u00e3o conta que a \u00e1gua acumulou no teto do camarote, que n\u00e3o resistiu ao peso. A assessoria do camarote informou que n\u00e3o haviam foli\u00f5es na hora [&hellip;]<\/p>\n","protected":false},"author":2,"featured_media":0,"comment_status":"open","ping_status":"open","sticky":false,"template":"","format":"standard","meta":{"footnotes":"","_links_to":"","_links_to_target":""},"categories":[1],"tags":[],"class_list":["post-46860","post","type-post","status-publish","format-standard","hentry","category-geral"],"views":2626,"_links":{"self":[{"href":"https:\/\/www.sudoestehoje.com.br\/novoportal\/wp-json\/wp\/v2\/posts\/46860","targetHints":{"allow":["GET"]}}],"collection":[{"href":"https:\/\/www.sudoestehoje.com.br\/novoportal\/wp-json\/wp\/v2\/posts"}],"about":[{"href":"https:\/\/www.sudoestehoje.com.br\/novoportal\/wp-json\/wp\/v2\/types\/post"}],"author":[{"embeddable":true,"href":"https:\/\/www.sudoestehoje.com.br\/novoportal\/wp-json\/wp\/v2\/users\/2"}],"replies":[{"embeddable":true,"href":"https:\/\/www.sudoestehoje.com.br\/novoportal\/wp-json\/wp\/v2\/comments?post=46860"}],"version-history":[{"count":3,"href":"https:\/\/www.sudoestehoje.com.br\/novoportal\/wp-json\/wp\/v2\/posts\/46860\/revisions"}],"predecessor-version":[{"id":46865,"href":"https:\/\/www.sudoestehoje.com.br\/novoportal\/wp-json\/wp\/v2\/posts\/46860\/revisions\/46865"}],"wp:attachment":[{"href":"https:\/\/www.sudoestehoje.com.br\/novoportal\/wp-json\/wp\/v2\/media?parent=46860"}],"wp:term":[{"taxonomy":"category","embeddable":true,"href":"https:\/\/www.sudoestehoje.com.br\/novoportal\/wp-json\/wp\/v2\/categories?post=46860"},{"taxonomy":"post_tag","embeddable":true,"href":"https:\/\/www.sudoestehoje.com.br\/novoportal\/wp-json\/wp\/v2\/tags?post=46860"}],"curies":[{"name":"wp","href":"https:\/\/api.w.org\/{rel}","templated":true}]}}