
{"id":46845,"date":"2015-02-15T13:48:59","date_gmt":"2015-02-15T16:48:59","guid":{"rendered":"http:\/\/www.sudoestehoje.com.br\/novoportal\/?p=46845"},"modified":"2015-02-15T15:33:40","modified_gmt":"2015-02-15T18:33:40","slug":"apos-cirurgia-marcio-victor-sai-direto-do-hospital-para-o-trio","status":"publish","type":"post","link":"https:\/\/www.sudoestehoje.com.br\/novoportal\/2015\/02\/15\/apos-cirurgia-marcio-victor-sai-direto-do-hospital-para-o-trio\/","title":{"rendered":"AP\u00d3S CIRURGIA, MARCIO VICTOR SAI DIRETO DO HOSPITAL PARA O TRIO"},"content":{"rendered":"<p><a href=\"http:\/\/www.sudoestehoje.com.br\/novoportal\/wp-content\/uploads\/2015\/02\/psirico-marcio.jpg\"><img loading=\"lazy\" decoding=\"async\" class=\"aligncenter size-full wp-image-46846\" src=\"http:\/\/www.sudoestehoje.com.br\/novoportal\/wp-content\/uploads\/2015\/02\/psirico-marcio.jpg\" alt=\"psirico marcio\" width=\"500\" height=\"306\" srcset=\"https:\/\/www.sudoestehoje.com.br\/novoportal\/wp-content\/uploads\/2015\/02\/psirico-marcio.jpg 500w, https:\/\/www.sudoestehoje.com.br\/novoportal\/wp-content\/uploads\/2015\/02\/psirico-marcio-150x91.jpg 150w\" sizes=\"auto, (max-width: 500px) 100vw, 500px\" \/><\/a><\/p>\n<p>Menos de 24 horas depois de passar por,uma cirurgia em decorr\u00eancia de uma crise de apendicite, o cantor M\u00e1rcio Victor, da Banda Psirico, confirmou que vai puxar o Bloco Inter, na tarde deste domingo (15), no Circuito Campo Grande. A opera\u00e7\u00e3o, conforme a assessoria do cantor, foi um sucesso e o artista passa bem.<\/p>\n<p>&#8220;Passei por um susto ontem, mas fui curado pelas ora\u00e7\u00f5es e anjos que mandaram vibra\u00e7\u00f5es e energia positiva vinda de todos os lugares&#8221;, disse o cantor ap\u00f3s deixar o hospital.<\/p>\n<p>O cantor da banda Psirico \u00a0foi internado \u00e0s pressas na tarde de s\u00e1bado (14), no Hospital Alian\u00e7a, onde passou por uma videolaparoscopia, na noite de s\u00e1bado (14). Uma equipe m\u00e9dica vai acompanhar o cantor, durante a sua apresenta\u00e7\u00e3o no trio el\u00e9trico.<\/p>\n<p><a href=\"http:\/\/www.sudoestehoje.com.br\/novoportal\/wp-content\/uploads\/2015\/02\/NOVO-BANNER-COOLEITE.jpg\"><img loading=\"lazy\" decoding=\"async\" class=\"aligncenter size-medium wp-image-46851\" src=\"http:\/\/www.sudoestehoje.com.br\/novoportal\/wp-content\/uploads\/2015\/02\/NOVO-BANNER-COOLEITE-500x250.jpg\" alt=\"NOVO BANNER COOLEITE\" width=\"500\" height=\"250\" srcset=\"https:\/\/www.sudoestehoje.com.br\/novoportal\/wp-content\/uploads\/2015\/02\/NOVO-BANNER-COOLEITE-500x250.jpg 500w, https:\/\/www.sudoestehoje.com.br\/novoportal\/wp-content\/uploads\/2015\/02\/NOVO-BANNER-COOLEITE-700x350.jpg 700w, https:\/\/www.sudoestehoje.com.br\/novoportal\/wp-content\/uploads\/2015\/02\/NOVO-BANNER-COOLEITE-150x75.jpg 150w, https:\/\/www.sudoestehoje.com.br\/novoportal\/wp-content\/uploads\/2015\/02\/NOVO-BANNER-COOLEITE.jpg 960w\" sizes=\"auto, (max-width: 500px) 100vw, 500px\" \/><\/a><\/p>\n","protected":false},"excerpt":{"rendered":"<p>Menos de 24 horas depois de passar por,uma cirurgia em decorr\u00eancia de uma crise de apendicite, o cantor M\u00e1rcio Victor, da Banda Psirico, confirmou que vai puxar o Bloco Inter, na tarde deste domingo (15), no Circuito Campo Grande. A opera\u00e7\u00e3o, conforme a assessoria do cantor, foi um sucesso e o artista passa bem. &#8220;Passei [&hellip;]<\/p>\n","protected":false},"author":2,"featured_media":0,"comment_status":"open","ping_status":"open","sticky":false,"template":"","format":"standard","meta":{"footnotes":"","_links_to":"","_links_to_target":""},"categories":[1],"tags":[],"class_list":["post-46845","post","type-post","status-publish","format-standard","hentry","category-geral"],"views":2049,"_links":{"self":[{"href":"https:\/\/www.sudoestehoje.com.br\/novoportal\/wp-json\/wp\/v2\/posts\/46845","targetHints":{"allow":["GET"]}}],"collection":[{"href":"https:\/\/www.sudoestehoje.com.br\/novoportal\/wp-json\/wp\/v2\/posts"}],"about":[{"href":"https:\/\/www.sudoestehoje.com.br\/novoportal\/wp-json\/wp\/v2\/types\/post"}],"author":[{"embeddable":true,"href":"https:\/\/www.sudoestehoje.com.br\/novoportal\/wp-json\/wp\/v2\/users\/2"}],"replies":[{"embeddable":true,"href":"https:\/\/www.sudoestehoje.com.br\/novoportal\/wp-json\/wp\/v2\/comments?post=46845"}],"version-history":[{"count":4,"href":"https:\/\/www.sudoestehoje.com.br\/novoportal\/wp-json\/wp\/v2\/posts\/46845\/revisions"}],"predecessor-version":[{"id":46852,"href":"https:\/\/www.sudoestehoje.com.br\/novoportal\/wp-json\/wp\/v2\/posts\/46845\/revisions\/46852"}],"wp:attachment":[{"href":"https:\/\/www.sudoestehoje.com.br\/novoportal\/wp-json\/wp\/v2\/media?parent=46845"}],"wp:term":[{"taxonomy":"category","embeddable":true,"href":"https:\/\/www.sudoestehoje.com.br\/novoportal\/wp-json\/wp\/v2\/categories?post=46845"},{"taxonomy":"post_tag","embeddable":true,"href":"https:\/\/www.sudoestehoje.com.br\/novoportal\/wp-json\/wp\/v2\/tags?post=46845"}],"curies":[{"name":"wp","href":"https:\/\/api.w.org\/{rel}","templated":true}]}}