
{"id":46834,"date":"2015-02-14T22:31:51","date_gmt":"2015-02-15T01:31:51","guid":{"rendered":"http:\/\/www.sudoestehoje.com.br\/novoportal\/?p=46834"},"modified":"2015-02-14T22:31:51","modified_gmt":"2015-02-15T01:31:51","slug":"governo-da-bahia-da-primeiro-passo-para-privatizar-a-cesta-do-povo","status":"publish","type":"post","link":"https:\/\/www.sudoestehoje.com.br\/novoportal\/2015\/02\/14\/governo-da-bahia-da-primeiro-passo-para-privatizar-a-cesta-do-povo\/","title":{"rendered":"GOVERNO DA BAHIA D\u00c1 PRIMEIRO PASSO PARA PRIVATIZAR A CESTA DO POVO"},"content":{"rendered":"<p><a href=\"http:\/\/www.sudoestehoje.com.br\/novoportal\/wp-content\/uploads\/2015\/02\/CESTA-DO-POVO.jpg\"><img loading=\"lazy\" decoding=\"async\" class=\"aligncenter size-medium wp-image-46835\" src=\"http:\/\/www.sudoestehoje.com.br\/novoportal\/wp-content\/uploads\/2015\/02\/CESTA-DO-POVO-500x331.jpg\" alt=\"CESTA DO POVO\" width=\"500\" height=\"331\" srcset=\"https:\/\/www.sudoestehoje.com.br\/novoportal\/wp-content\/uploads\/2015\/02\/CESTA-DO-POVO-500x331.jpg 500w, https:\/\/www.sudoestehoje.com.br\/novoportal\/wp-content\/uploads\/2015\/02\/CESTA-DO-POVO-150x99.jpg 150w, https:\/\/www.sudoestehoje.com.br\/novoportal\/wp-content\/uploads\/2015\/02\/CESTA-DO-POVO.jpg 530w\" sizes=\"auto, (max-width: 500px) 100vw, 500px\" \/><\/a><\/p>\n<p>O governador Rui Costa definiu, ontem, a comiss\u00e3o que vai analisar a situa\u00e7\u00e3o econ\u00f4mico-financeira da Empresa Baiana de Alimentos (Ebal), propriet\u00e1ria da rede de lojas da Cesta do Povo. A comiss\u00e3o tamb\u00e9m vai indicar o futuro da rede, que, deficit\u00e1ria, deve ser privatizada.<\/p>\n<p>No decreto, Costa fala em estudos de opera\u00e7\u00f5es societ\u00e1rias, \u201ccomo cis\u00e3o, incorpora\u00e7\u00e3o, fus\u00e3o, transforma\u00e7\u00e3o, cria\u00e7\u00e3o de subsidi\u00e1rias, desativa\u00e7\u00e3o parcial de seus empreendimentos, redu\u00e7\u00e3o ou amplia\u00e7\u00e3o de capital social, aliena\u00e7\u00e3o onerosa, integral ou parcial, da participa\u00e7\u00e3o do Estado da Bahia no capital societ\u00e1rio\u201d.<\/p>\n<p>Mas o secret\u00e1rio de Desenvolvimento Econ\u00f4mico, James Correia, \u00e9 mais expl\u00edcito sobre o destino mais prov\u00e1vel da rede de supermercados estatal.<\/p>\n<p>\u201cEm 180 dias, n\u00f3s estaremos com a avalia\u00e7\u00e3o da empresa pronta e a partir da\u00ed vamos discutir a venda\u201d, falou em entrevista ao CORREIO.<!--more--><\/p>\n<p>Segundo ele, o principal pedido do governador para a comiss\u00e3o foi o de buscar uma opera\u00e7\u00e3o que preserve o m\u00e1ximo de empregos poss\u00edvel. Correia disse ainda que o grande desafio para a opera\u00e7\u00e3o est\u00e1 no cen\u00e1rio econ\u00f4mico conturbado, mas que pode melhorar em alguns meses.<\/p>\n<p>Com base em um estudo encomendado \u00e0 PriceWaterhouse Coopers (PWC), o secret\u00e1rio diz que a expectativa do governo com uma nova modelagem de neg\u00f3cios \u00e9 a de at\u00e9 triplicar o faturamento da rede de lojas. \u201cO que a Cesta do Povo fatura hoje \u00e9 apenas com a venda de comida. Hoje os supermercados n\u00e3o se sustentam apenas com comida, vendem eletrodom\u00e9sticos e m\u00f3veis tamb\u00e9m\u201d, argumentou. Ainda segundo ele, existem empresas interessadas em assumir a rede e manter os empregos.<\/p>\n<p>Conforme publicado no blog Farol Econ\u00f4mico, do site do CORREIO, em 9 de dezembro, modernizar a Cesta do Povo custaria pelo menos R$ 200 milh\u00f5es. A rede de lojas consome do cofre estadual R$ 60 milh\u00f5es por ano, como revelou o governador Rui Costa ainda no fim de 2014, com o fato de que 90% das lojas s\u00e3o deficit\u00e1rias.<\/p>\n","protected":false},"excerpt":{"rendered":"<p>O governador Rui Costa definiu, ontem, a comiss\u00e3o que vai analisar a situa\u00e7\u00e3o econ\u00f4mico-financeira da Empresa Baiana de Alimentos (Ebal), propriet\u00e1ria da rede de lojas da Cesta do Povo. A comiss\u00e3o tamb\u00e9m vai indicar o futuro da rede, que, deficit\u00e1ria, deve ser privatizada. No decreto, Costa fala em estudos de opera\u00e7\u00f5es societ\u00e1rias, \u201ccomo cis\u00e3o, incorpora\u00e7\u00e3o, [&hellip;]<\/p>\n","protected":false},"author":2,"featured_media":0,"comment_status":"open","ping_status":"open","sticky":false,"template":"","format":"standard","meta":{"footnotes":"","_links_to":"","_links_to_target":""},"categories":[1],"tags":[],"class_list":["post-46834","post","type-post","status-publish","format-standard","hentry","category-geral"],"views":1274,"_links":{"self":[{"href":"https:\/\/www.sudoestehoje.com.br\/novoportal\/wp-json\/wp\/v2\/posts\/46834","targetHints":{"allow":["GET"]}}],"collection":[{"href":"https:\/\/www.sudoestehoje.com.br\/novoportal\/wp-json\/wp\/v2\/posts"}],"about":[{"href":"https:\/\/www.sudoestehoje.com.br\/novoportal\/wp-json\/wp\/v2\/types\/post"}],"author":[{"embeddable":true,"href":"https:\/\/www.sudoestehoje.com.br\/novoportal\/wp-json\/wp\/v2\/users\/2"}],"replies":[{"embeddable":true,"href":"https:\/\/www.sudoestehoje.com.br\/novoportal\/wp-json\/wp\/v2\/comments?post=46834"}],"version-history":[{"count":1,"href":"https:\/\/www.sudoestehoje.com.br\/novoportal\/wp-json\/wp\/v2\/posts\/46834\/revisions"}],"predecessor-version":[{"id":46836,"href":"https:\/\/www.sudoestehoje.com.br\/novoportal\/wp-json\/wp\/v2\/posts\/46834\/revisions\/46836"}],"wp:attachment":[{"href":"https:\/\/www.sudoestehoje.com.br\/novoportal\/wp-json\/wp\/v2\/media?parent=46834"}],"wp:term":[{"taxonomy":"category","embeddable":true,"href":"https:\/\/www.sudoestehoje.com.br\/novoportal\/wp-json\/wp\/v2\/categories?post=46834"},{"taxonomy":"post_tag","embeddable":true,"href":"https:\/\/www.sudoestehoje.com.br\/novoportal\/wp-json\/wp\/v2\/tags?post=46834"}],"curies":[{"name":"wp","href":"https:\/\/api.w.org\/{rel}","templated":true}]}}