
{"id":46824,"date":"2015-02-14T21:58:28","date_gmt":"2015-02-15T00:58:28","guid":{"rendered":"http:\/\/www.sudoestehoje.com.br\/novoportal\/?p=46824"},"modified":"2015-02-14T22:09:56","modified_gmt":"2015-02-15T01:09:56","slug":"cantor-marcio-victor-e-operado-as-pressas-e-esta-fora-do-carnaval","status":"publish","type":"post","link":"https:\/\/www.sudoestehoje.com.br\/novoportal\/2015\/02\/14\/cantor-marcio-victor-e-operado-as-pressas-e-esta-fora-do-carnaval\/","title":{"rendered":"CANTOR M\u00c1RCIO VICTOR \u00c9 OPERADO \u00c0S PRESSAS E EST\u00c1 FORA DO CARNAVAL"},"content":{"rendered":"<p><a href=\"http:\/\/www.sudoestehoje.com.br\/novoportal\/wp-content\/uploads\/2015\/02\/PSIRICO.jpg\"><img loading=\"lazy\" decoding=\"async\" class=\"aligncenter size-medium wp-image-46825\" src=\"http:\/\/www.sudoestehoje.com.br\/novoportal\/wp-content\/uploads\/2015\/02\/PSIRICO-500x321.jpg\" alt=\"PSIRICO\" width=\"500\" height=\"321\" srcset=\"https:\/\/www.sudoestehoje.com.br\/novoportal\/wp-content\/uploads\/2015\/02\/PSIRICO-500x321.jpg 500w, https:\/\/www.sudoestehoje.com.br\/novoportal\/wp-content\/uploads\/2015\/02\/PSIRICO-150x96.jpg 150w, https:\/\/www.sudoestehoje.com.br\/novoportal\/wp-content\/uploads\/2015\/02\/PSIRICO.jpg 560w\" sizes=\"auto, (max-width: 500px) 100vw, 500px\" \/><\/a><\/p>\n<p>O cantor da banda Psirico, M\u00e1rcio Victor, ser\u00e1 submetido a uma cirurgia de emerg\u00eancia na noite deste s\u00e1bado (14). De acordo com a assessoria de imprensa do m\u00fasico, ele passou mal no in\u00edcio desta manh\u00e3 e passou o dia fazendo exames, no Hospital Alian\u00e7a, em Salvador, quando foi detectada um quadro de apendicite.<\/p>\n<p class=\"bodytext\">Com isso, os compromissos do cantor para este s\u00e1bado precisaram ser cancelados. M\u00e1rcio Victor se apresentaria neste s\u00e1bado no camarote Cerveja &amp; Cia e no domingo (15), segunda (16) e ter\u00e7a (17), no circuito Campo Grande e em mais\u00a0dois camarotes, no Har\u00e9m e no Reino.<\/p>\n<p class=\"bodytext\">Neste ano, Psirico concorre \u00e0 melhor m\u00fasica do Carnaval com Xenhenh\u00e9m, uma das mais tocadas nas r\u00e1dios nos \u00faltimos meses. Ano passado, ele ganhou o pr\u00eamio cantando Lepo Lepo.<em> iBahia<\/em><\/p>\n<p class=\"bodytext\"><img decoding=\"async\" class=\"aligncenter\" src=\"http:\/\/www.sudoestehoje.com.br\/novoportal\/wp-content\/uploads\/2014\/09\/supermoda.png\" alt=\"supermoda\" \/><\/p>\n<p class=\"bodytext\">\n","protected":false},"excerpt":{"rendered":"<p>O cantor da banda Psirico, M\u00e1rcio Victor, ser\u00e1 submetido a uma cirurgia de emerg\u00eancia na noite deste s\u00e1bado (14). De acordo com a assessoria de imprensa do m\u00fasico, ele passou mal no in\u00edcio desta manh\u00e3 e passou o dia fazendo exames, no Hospital Alian\u00e7a, em Salvador, quando foi detectada um quadro de apendicite. Com isso, [&hellip;]<\/p>\n","protected":false},"author":2,"featured_media":0,"comment_status":"open","ping_status":"open","sticky":false,"template":"","format":"standard","meta":{"footnotes":"","_links_to":"","_links_to_target":""},"categories":[1],"tags":[],"class_list":["post-46824","post","type-post","status-publish","format-standard","hentry","category-geral"],"views":2129,"_links":{"self":[{"href":"https:\/\/www.sudoestehoje.com.br\/novoportal\/wp-json\/wp\/v2\/posts\/46824","targetHints":{"allow":["GET"]}}],"collection":[{"href":"https:\/\/www.sudoestehoje.com.br\/novoportal\/wp-json\/wp\/v2\/posts"}],"about":[{"href":"https:\/\/www.sudoestehoje.com.br\/novoportal\/wp-json\/wp\/v2\/types\/post"}],"author":[{"embeddable":true,"href":"https:\/\/www.sudoestehoje.com.br\/novoportal\/wp-json\/wp\/v2\/users\/2"}],"replies":[{"embeddable":true,"href":"https:\/\/www.sudoestehoje.com.br\/novoportal\/wp-json\/wp\/v2\/comments?post=46824"}],"version-history":[{"count":3,"href":"https:\/\/www.sudoestehoje.com.br\/novoportal\/wp-json\/wp\/v2\/posts\/46824\/revisions"}],"predecessor-version":[{"id":46828,"href":"https:\/\/www.sudoestehoje.com.br\/novoportal\/wp-json\/wp\/v2\/posts\/46824\/revisions\/46828"}],"wp:attachment":[{"href":"https:\/\/www.sudoestehoje.com.br\/novoportal\/wp-json\/wp\/v2\/media?parent=46824"}],"wp:term":[{"taxonomy":"category","embeddable":true,"href":"https:\/\/www.sudoestehoje.com.br\/novoportal\/wp-json\/wp\/v2\/categories?post=46824"},{"taxonomy":"post_tag","embeddable":true,"href":"https:\/\/www.sudoestehoje.com.br\/novoportal\/wp-json\/wp\/v2\/tags?post=46824"}],"curies":[{"name":"wp","href":"https:\/\/api.w.org\/{rel}","templated":true}]}}