
{"id":46813,"date":"2015-02-14T09:13:45","date_gmt":"2015-02-14T12:13:45","guid":{"rendered":"http:\/\/www.sudoestehoje.com.br\/novoportal\/?p=46813"},"modified":"2015-02-14T22:12:03","modified_gmt":"2015-02-15T01:12:03","slug":"havendo-impeachment-quem-assume","status":"publish","type":"post","link":"https:\/\/www.sudoestehoje.com.br\/novoportal\/2015\/02\/14\/havendo-impeachment-quem-assume\/","title":{"rendered":"HAVENDO IMPEACHMENT, QUEM ASSUME?"},"content":{"rendered":"<p><a href=\"http:\/\/www.sudoestehoje.com.br\/novoportal\/wp-content\/uploads\/2015\/02\/impeachment.png\"><img loading=\"lazy\" decoding=\"async\" class=\"aligncenter size-medium wp-image-46815\" src=\"http:\/\/www.sudoestehoje.com.br\/novoportal\/wp-content\/uploads\/2015\/02\/impeachment-500x375.png\" alt=\"impeachment\" width=\"500\" height=\"375\" srcset=\"https:\/\/www.sudoestehoje.com.br\/novoportal\/wp-content\/uploads\/2015\/02\/impeachment-500x375.png 500w, https:\/\/www.sudoestehoje.com.br\/novoportal\/wp-content\/uploads\/2015\/02\/impeachment-700x525.png 700w, https:\/\/www.sudoestehoje.com.br\/novoportal\/wp-content\/uploads\/2015\/02\/impeachment-150x112.png 150w, https:\/\/www.sudoestehoje.com.br\/novoportal\/wp-content\/uploads\/2015\/02\/impeachment.png 960w\" sizes=\"auto, (max-width: 500px) 100vw, 500px\" \/><\/a><\/p>\n<p>Muito tem se discutido a respeito da possibilidade de um <em>&#8220;impeachment&#8221;<\/em> da presidente Dilma, gerando d\u00favidas sobre quem assumiria a chefia do governo, caso o impedimento da &#8216;presidenta&#8217; fosse aprovado pelo Congresso. Encontrei, nas redes sociais, este banner acima, muito esclarecedor, que responde parte da curiosidade dos nossos leitores.<\/p>\n<p>Faltou esclarecer, entretanto, quem governa durante a transi\u00e7\u00e3o de 90 dias. O presidente da C\u00e2mara Federal ou o presidente do Congresso Nacional? Quem arrisca um palpite?<\/p>\n<p><strong><em>Da Reda\u00e7\u00e3o<\/em><\/strong><\/p>\n<p><img decoding=\"async\" class=\"aligncenter\" src=\"http:\/\/www.sudoestehoje.com.br\/novoportal\/wp-content\/uploads\/2015\/01\/papel-500x185.png\" alt=\"papel\" \/><\/p>\n","protected":false},"excerpt":{"rendered":"<p>Muito tem se discutido a respeito da possibilidade de um &#8220;impeachment&#8221; da presidente Dilma, gerando d\u00favidas sobre quem assumiria a chefia do governo, caso o impedimento da &#8216;presidenta&#8217; fosse aprovado pelo Congresso. Encontrei, nas redes sociais, este banner acima, muito esclarecedor, que responde parte da curiosidade dos nossos leitores. Faltou esclarecer, entretanto, quem governa durante [&hellip;]<\/p>\n","protected":false},"author":2,"featured_media":0,"comment_status":"open","ping_status":"open","sticky":false,"template":"","format":"standard","meta":{"footnotes":"","_links_to":"","_links_to_target":""},"categories":[1],"tags":[],"class_list":["post-46813","post","type-post","status-publish","format-standard","hentry","category-geral"],"views":2962,"_links":{"self":[{"href":"https:\/\/www.sudoestehoje.com.br\/novoportal\/wp-json\/wp\/v2\/posts\/46813","targetHints":{"allow":["GET"]}}],"collection":[{"href":"https:\/\/www.sudoestehoje.com.br\/novoportal\/wp-json\/wp\/v2\/posts"}],"about":[{"href":"https:\/\/www.sudoestehoje.com.br\/novoportal\/wp-json\/wp\/v2\/types\/post"}],"author":[{"embeddable":true,"href":"https:\/\/www.sudoestehoje.com.br\/novoportal\/wp-json\/wp\/v2\/users\/2"}],"replies":[{"embeddable":true,"href":"https:\/\/www.sudoestehoje.com.br\/novoportal\/wp-json\/wp\/v2\/comments?post=46813"}],"version-history":[{"count":4,"href":"https:\/\/www.sudoestehoje.com.br\/novoportal\/wp-json\/wp\/v2\/posts\/46813\/revisions"}],"predecessor-version":[{"id":46830,"href":"https:\/\/www.sudoestehoje.com.br\/novoportal\/wp-json\/wp\/v2\/posts\/46813\/revisions\/46830"}],"wp:attachment":[{"href":"https:\/\/www.sudoestehoje.com.br\/novoportal\/wp-json\/wp\/v2\/media?parent=46813"}],"wp:term":[{"taxonomy":"category","embeddable":true,"href":"https:\/\/www.sudoestehoje.com.br\/novoportal\/wp-json\/wp\/v2\/categories?post=46813"},{"taxonomy":"post_tag","embeddable":true,"href":"https:\/\/www.sudoestehoje.com.br\/novoportal\/wp-json\/wp\/v2\/tags?post=46813"}],"curies":[{"name":"wp","href":"https:\/\/api.w.org\/{rel}","templated":true}]}}