
{"id":46806,"date":"2015-02-13T23:59:42","date_gmt":"2015-02-14T02:59:42","guid":{"rendered":"http:\/\/www.sudoestehoje.com.br\/novoportal\/?p=46806"},"modified":"2015-02-14T22:13:25","modified_gmt":"2015-02-15T01:13:25","slug":"por-ciumes-jovem-mata-outra-a-golpes-de-faca-no-americo-nogueira","status":"publish","type":"post","link":"https:\/\/www.sudoestehoje.com.br\/novoportal\/2015\/02\/13\/por-ciumes-jovem-mata-outra-a-golpes-de-faca-no-americo-nogueira\/","title":{"rendered":"POR CI\u00daMES, JOVEM MATA OUTRA A GOLPES DE FACA NO AM\u00c9RICO NOGUEIRA"},"content":{"rendered":"<div id=\"attachment_46808\" style=\"width: 430px\" class=\"wp-caption aligncenter\"><a href=\"http:\/\/www.sudoestehoje.com.br\/novoportal\/wp-content\/uploads\/2015\/02\/carla.jpg\"><img loading=\"lazy\" decoding=\"async\" aria-describedby=\"caption-attachment-46808\" class=\"size-medium wp-image-46808\" src=\"http:\/\/www.sudoestehoje.com.br\/novoportal\/wp-content\/uploads\/2015\/02\/carla-420x700.jpg\" alt=\"Foto arquivo Facebook\" width=\"420\" height=\"700\" srcset=\"https:\/\/www.sudoestehoje.com.br\/novoportal\/wp-content\/uploads\/2015\/02\/carla-420x700.jpg 420w, https:\/\/www.sudoestehoje.com.br\/novoportal\/wp-content\/uploads\/2015\/02\/carla-540x900.jpg 540w, https:\/\/www.sudoestehoje.com.br\/novoportal\/wp-content\/uploads\/2015\/02\/carla-90x150.jpg 90w, https:\/\/www.sudoestehoje.com.br\/novoportal\/wp-content\/uploads\/2015\/02\/carla.jpg 576w\" sizes=\"auto, (max-width: 420px) 100vw, 420px\" \/><\/a><p id=\"caption-attachment-46808\" class=\"wp-caption-text\">A jovem Carla foi brutalmente assassinada por outra garota, em via p\u00fablica. Foto arquivo Facebook<\/p><\/div>\n<p>ITAPETINGA: Na noite desta sexta-feira, no bairro Am\u00e9rico Nogueira, a jovem Carla Silva Santos, de 22 anos, \u00a0foi esfaqueada por uma outra jovem, durante uma discuss\u00e3o. Gravemente ferida \u00e0 altura do cora\u00e7\u00e3o, Carla foi socorrida e levada para o Hospital Cristo Redentor, mas n\u00e3o resistiu e acabou morrendo.<\/p>\n<p>De acordo com as primeiras informa\u00e7\u00f5es, o crime foi motivado por ci\u00fames da outra garota de prenome Tais, que fugiu do local e ainda n\u00e3o foi localizada pela pol\u00edcia.<\/p>\n<p>O crime aconteceu por volta de 20:30h desta sexta-feira (13), em via p\u00fablica, pr\u00f3ximo \u00e0 casa da v\u00edtima. O corpo de Carla Silva Santos ser\u00e1 necropsiado em Vit\u00f3ria da Conquista e depois conduzido para sepultamento em Itapetinga.<\/p>\n<p><strong><em>Da Reda\u00e7\u00e3o<\/em><\/strong><\/p>\n<p><img decoding=\"async\" class=\"aligncenter\" src=\"http:\/\/www.sudoestehoje.com.br\/novoportal\/wp-content\/uploads\/2014\/07\/Feira-do-Lar-1.png\" alt=\"Feira-do-Lar (1)\" \/><\/p>\n","protected":false},"excerpt":{"rendered":"<p>ITAPETINGA: Na noite desta sexta-feira, no bairro Am\u00e9rico Nogueira, a jovem Carla Silva Santos, de 22 anos, \u00a0foi esfaqueada por uma outra jovem, durante uma discuss\u00e3o. Gravemente ferida \u00e0 altura do cora\u00e7\u00e3o, Carla foi socorrida e levada para o Hospital Cristo Redentor, mas n\u00e3o resistiu e acabou morrendo. De acordo com as primeiras informa\u00e7\u00f5es, o [&hellip;]<\/p>\n","protected":false},"author":2,"featured_media":0,"comment_status":"open","ping_status":"open","sticky":false,"template":"","format":"standard","meta":{"footnotes":"","_links_to":"","_links_to_target":""},"categories":[1],"tags":[],"class_list":["post-46806","post","type-post","status-publish","format-standard","hentry","category-geral"],"views":2005,"_links":{"self":[{"href":"https:\/\/www.sudoestehoje.com.br\/novoportal\/wp-json\/wp\/v2\/posts\/46806","targetHints":{"allow":["GET"]}}],"collection":[{"href":"https:\/\/www.sudoestehoje.com.br\/novoportal\/wp-json\/wp\/v2\/posts"}],"about":[{"href":"https:\/\/www.sudoestehoje.com.br\/novoportal\/wp-json\/wp\/v2\/types\/post"}],"author":[{"embeddable":true,"href":"https:\/\/www.sudoestehoje.com.br\/novoportal\/wp-json\/wp\/v2\/users\/2"}],"replies":[{"embeddable":true,"href":"https:\/\/www.sudoestehoje.com.br\/novoportal\/wp-json\/wp\/v2\/comments?post=46806"}],"version-history":[{"count":6,"href":"https:\/\/www.sudoestehoje.com.br\/novoportal\/wp-json\/wp\/v2\/posts\/46806\/revisions"}],"predecessor-version":[{"id":46831,"href":"https:\/\/www.sudoestehoje.com.br\/novoportal\/wp-json\/wp\/v2\/posts\/46806\/revisions\/46831"}],"wp:attachment":[{"href":"https:\/\/www.sudoestehoje.com.br\/novoportal\/wp-json\/wp\/v2\/media?parent=46806"}],"wp:term":[{"taxonomy":"category","embeddable":true,"href":"https:\/\/www.sudoestehoje.com.br\/novoportal\/wp-json\/wp\/v2\/categories?post=46806"},{"taxonomy":"post_tag","embeddable":true,"href":"https:\/\/www.sudoestehoje.com.br\/novoportal\/wp-json\/wp\/v2\/tags?post=46806"}],"curies":[{"name":"wp","href":"https:\/\/api.w.org\/{rel}","templated":true}]}}