
{"id":46800,"date":"2015-02-13T19:59:18","date_gmt":"2015-02-13T22:59:18","guid":{"rendered":"http:\/\/www.sudoestehoje.com.br\/novoportal\/?p=46800"},"modified":"2015-02-14T22:14:41","modified_gmt":"2015-02-15T01:14:41","slug":"itapetinga-medico-emanoel-santos-e-confirmado-na-secretaria-de-saude-2","status":"publish","type":"post","link":"https:\/\/www.sudoestehoje.com.br\/novoportal\/2015\/02\/13\/itapetinga-medico-emanoel-santos-e-confirmado-na-secretaria-de-saude-2\/","title":{"rendered":"ITAPETINGA: M\u00c9DICO EMANOEL SANTOS \u00c9 CONFIRMADO NA SECRETARIA DE SA\u00daDE"},"content":{"rendered":"<p><a href=\"http:\/\/www.sudoestehoje.com.br\/novoportal\/wp-content\/uploads\/2015\/02\/emanoel.jpg\"><img loading=\"lazy\" decoding=\"async\" class=\"wp-image-46798 alignleft\" src=\"http:\/\/www.sudoestehoje.com.br\/novoportal\/wp-content\/uploads\/2015\/02\/emanoel.jpg\" alt=\"emanoel\" width=\"130\" height=\"240\" srcset=\"https:\/\/www.sudoestehoje.com.br\/novoportal\/wp-content\/uploads\/2015\/02\/emanoel.jpg 140w, https:\/\/www.sudoestehoje.com.br\/novoportal\/wp-content\/uploads\/2015\/02\/emanoel-81x150.jpg 81w\" sizes=\"auto, (max-width: 130px) 100vw, 130px\" \/><\/a><\/p>\n<p>Na manh\u00e3 desta sexta-feira (13), o m\u00e9dico Itapetinguense Dr. Emanoel Santos, foi confirmado como novo secret\u00e1rio municipal de \u00a0sa\u00fade, em substitui\u00e7\u00e3o \u00e0 enfermeira D\u00e9bora Irei, que pediu demiss\u00e3o do cargo.<\/p>\n<p>Dr. Emanoel \u00e9 de fam\u00edlia itapetinguense, sendo filho do casal Emanoel e Leniza Santos, renomada professora da escola de m\u00fasica Canto das Artes.<\/p>\n<p>O novo secret\u00e1rio de sa\u00fade tem pela frente um desafio enorme, pois a pasta que vai assumir est\u00e1 totalmente desorganizada, por conta dos maus feitos das suas antecessoras, que ao longos dos \u00faltimos seis anos dilapidaram os seus recursos e desmontaram toda a estrutura da sa\u00fade do munic\u00edpio.<\/p>\n<p>Um verdadeiro &#8216;presente de grego&#8217;\u2026<\/p>\n<p><strong><em>Por Davi Ferraz\u00a0<\/em><\/strong><\/p>\n<p><img decoding=\"async\" class=\"aligncenter\" src=\"http:\/\/www.sudoestehoje.com.br\/novoportal\/wp-content\/uploads\/2014\/06\/COOLEITE-PRODUTOS-500x249.jpg\" alt=\"COOLEITE PRODUTOS\" \/><\/p>\n","protected":false},"excerpt":{"rendered":"<p>Na manh\u00e3 desta sexta-feira (13), o m\u00e9dico Itapetinguense Dr. Emanoel Santos, foi confirmado como novo secret\u00e1rio municipal de \u00a0sa\u00fade, em substitui\u00e7\u00e3o \u00e0 enfermeira D\u00e9bora Irei, que pediu demiss\u00e3o do cargo. Dr. Emanoel \u00e9 de fam\u00edlia itapetinguense, sendo filho do casal Emanoel e Leniza Santos, renomada professora da escola de m\u00fasica Canto das Artes. O novo [&hellip;]<\/p>\n","protected":false},"author":2,"featured_media":0,"comment_status":"open","ping_status":"open","sticky":false,"template":"","format":"standard","meta":{"footnotes":"","_links_to":"","_links_to_target":""},"categories":[1],"tags":[],"class_list":["post-46800","post","type-post","status-publish","format-standard","hentry","category-geral"],"views":1557,"_links":{"self":[{"href":"https:\/\/www.sudoestehoje.com.br\/novoportal\/wp-json\/wp\/v2\/posts\/46800","targetHints":{"allow":["GET"]}}],"collection":[{"href":"https:\/\/www.sudoestehoje.com.br\/novoportal\/wp-json\/wp\/v2\/posts"}],"about":[{"href":"https:\/\/www.sudoestehoje.com.br\/novoportal\/wp-json\/wp\/v2\/types\/post"}],"author":[{"embeddable":true,"href":"https:\/\/www.sudoestehoje.com.br\/novoportal\/wp-json\/wp\/v2\/users\/2"}],"replies":[{"embeddable":true,"href":"https:\/\/www.sudoestehoje.com.br\/novoportal\/wp-json\/wp\/v2\/comments?post=46800"}],"version-history":[{"count":6,"href":"https:\/\/www.sudoestehoje.com.br\/novoportal\/wp-json\/wp\/v2\/posts\/46800\/revisions"}],"predecessor-version":[{"id":46832,"href":"https:\/\/www.sudoestehoje.com.br\/novoportal\/wp-json\/wp\/v2\/posts\/46800\/revisions\/46832"}],"wp:attachment":[{"href":"https:\/\/www.sudoestehoje.com.br\/novoportal\/wp-json\/wp\/v2\/media?parent=46800"}],"wp:term":[{"taxonomy":"category","embeddable":true,"href":"https:\/\/www.sudoestehoje.com.br\/novoportal\/wp-json\/wp\/v2\/categories?post=46800"},{"taxonomy":"post_tag","embeddable":true,"href":"https:\/\/www.sudoestehoje.com.br\/novoportal\/wp-json\/wp\/v2\/tags?post=46800"}],"curies":[{"name":"wp","href":"https:\/\/api.w.org\/{rel}","templated":true}]}}