
{"id":46785,"date":"2015-02-12T21:24:11","date_gmt":"2015-02-13T00:24:11","guid":{"rendered":"http:\/\/www.sudoestehoje.com.br\/novoportal\/?p=46785"},"modified":"2015-02-14T22:16:01","modified_gmt":"2015-02-15T01:16:01","slug":"prefeito-do-largo-e-ameacado-com-facao-por-irmao-do-seu-vice","status":"publish","type":"post","link":"https:\/\/www.sudoestehoje.com.br\/novoportal\/2015\/02\/12\/prefeito-do-largo-e-ameacado-com-facao-por-irmao-do-seu-vice\/","title":{"rendered":"PREFEITO DO LARGO \u00c9 AMEA\u00c7ADO COM FAC\u00c3O POR IRM\u00c3O DO SEU VICE"},"content":{"rendered":"<div id=\"attachment_46786\" style=\"width: 430px\" class=\"wp-caption aligncenter\"><a href=\"http:\/\/www.sudoestehoje.com.br\/novoportal\/wp-content\/uploads\/2015\/02\/VALDOMIRO-DO-LARGO.jpg\"><img loading=\"lazy\" decoding=\"async\" aria-describedby=\"caption-attachment-46786\" class=\"size-full wp-image-46786\" src=\"http:\/\/www.sudoestehoje.com.br\/novoportal\/wp-content\/uploads\/2015\/02\/VALDOMIRO-DO-LARGO.jpg\" alt=\"Carro de Valdomiro (\u00e0 direita) recebeu umas 'fac\u00e3ozadas' do seu seguran\u00e7a, que \u00e9 irm\u00e3o do vice-prefeito (\u00e0 esquerda). \" width=\"420\" height=\"279\" srcset=\"https:\/\/www.sudoestehoje.com.br\/novoportal\/wp-content\/uploads\/2015\/02\/VALDOMIRO-DO-LARGO.jpg 420w, https:\/\/www.sudoestehoje.com.br\/novoportal\/wp-content\/uploads\/2015\/02\/VALDOMIRO-DO-LARGO-150x99.jpg 150w\" sizes=\"auto, (max-width: 420px) 100vw, 420px\" \/><\/a><p id=\"caption-attachment-46786\" class=\"wp-caption-text\">Carro de Valdomiro (\u00e0 direita) recebeu umas &#8216;fac\u00e3ozadas&#8217; do seu seguran\u00e7a, que \u00e9 irm\u00e3o do vice-prefeito (\u00e0 esquerda). Foto Blog do Anderson<\/p><\/div>\n<p>O prefeito de Ribeir\u00e3o do Largo, Valdomiro Guimar\u00e3es Brito foi v\u00edtima de uma tentativa de agress\u00e3o na tarde de quarta-feira (11). De acordo com informa\u00e7\u00f5es de um leitor, Afonso Viana Rocha, irm\u00e3o do atual vice-prefeito e antigo membro da equipe de seguran\u00e7a do de Valdomiro tentou agredi-lo com um fac\u00e3o. Segundo testemunhas, ao saber que o agressor se aproximava do pa\u00e7o municipal portando o fac\u00e3o e aparentemente estressado, Brito e um funcion\u00e1rio p\u00fablico pularam de uma janela da prefeitura e entraram em um carro.<\/p>\n<p>Ainda assim, Afonso Rocha desferiu golpes de fac\u00e3o contra o ve\u00edculo, mas n\u00e3o causou qualquer dano contra as v\u00edtimas. Quando foi levado at\u00e9 a delegacia de pol\u00edcia local para prestar esclarecimentos, Rocha afirmou que tentou agredir o prefeito por este n\u00e3o ter cumprido promessas feitas a ele e a outros aliados. De acordo com a den\u00fancia, Afonso Rocha est\u00e1 h\u00e1 meses sem receber pagamentos e quando procura a prefeitura, sempre recebe a resposta de que n\u00e3o h\u00e1 dinheiro suficiente.<\/p>\n<p><img decoding=\"async\" class=\"aligncenter\" src=\"http:\/\/www.sudoestehoje.com.br\/novoportal\/wp-content\/uploads\/2014\/11\/RAMOS-PNEUS-HORIZONTAL-500x332.jpg\" alt=\"RAMOS PNEUS HORIZONTAL\" \/><\/p>\n","protected":false},"excerpt":{"rendered":"<p>O prefeito de Ribeir\u00e3o do Largo, Valdomiro Guimar\u00e3es Brito foi v\u00edtima de uma tentativa de agress\u00e3o na tarde de quarta-feira (11). De acordo com informa\u00e7\u00f5es de um leitor, Afonso Viana Rocha, irm\u00e3o do atual vice-prefeito e antigo membro da equipe de seguran\u00e7a do de Valdomiro tentou agredi-lo com um fac\u00e3o. Segundo testemunhas, ao saber que [&hellip;]<\/p>\n","protected":false},"author":2,"featured_media":0,"comment_status":"open","ping_status":"open","sticky":false,"template":"","format":"standard","meta":{"footnotes":"","_links_to":"","_links_to_target":""},"categories":[1],"tags":[],"class_list":["post-46785","post","type-post","status-publish","format-standard","hentry","category-geral"],"views":1250,"_links":{"self":[{"href":"https:\/\/www.sudoestehoje.com.br\/novoportal\/wp-json\/wp\/v2\/posts\/46785","targetHints":{"allow":["GET"]}}],"collection":[{"href":"https:\/\/www.sudoestehoje.com.br\/novoportal\/wp-json\/wp\/v2\/posts"}],"about":[{"href":"https:\/\/www.sudoestehoje.com.br\/novoportal\/wp-json\/wp\/v2\/types\/post"}],"author":[{"embeddable":true,"href":"https:\/\/www.sudoestehoje.com.br\/novoportal\/wp-json\/wp\/v2\/users\/2"}],"replies":[{"embeddable":true,"href":"https:\/\/www.sudoestehoje.com.br\/novoportal\/wp-json\/wp\/v2\/comments?post=46785"}],"version-history":[{"count":2,"href":"https:\/\/www.sudoestehoje.com.br\/novoportal\/wp-json\/wp\/v2\/posts\/46785\/revisions"}],"predecessor-version":[{"id":46833,"href":"https:\/\/www.sudoestehoje.com.br\/novoportal\/wp-json\/wp\/v2\/posts\/46785\/revisions\/46833"}],"wp:attachment":[{"href":"https:\/\/www.sudoestehoje.com.br\/novoportal\/wp-json\/wp\/v2\/media?parent=46785"}],"wp:term":[{"taxonomy":"category","embeddable":true,"href":"https:\/\/www.sudoestehoje.com.br\/novoportal\/wp-json\/wp\/v2\/categories?post=46785"},{"taxonomy":"post_tag","embeddable":true,"href":"https:\/\/www.sudoestehoje.com.br\/novoportal\/wp-json\/wp\/v2\/tags?post=46785"}],"curies":[{"name":"wp","href":"https:\/\/api.w.org\/{rel}","templated":true}]}}