
{"id":46776,"date":"2015-02-12T20:40:48","date_gmt":"2015-02-12T23:40:48","guid":{"rendered":"http:\/\/www.sudoestehoje.com.br\/novoportal\/?p=46776"},"modified":"2015-02-12T20:46:55","modified_gmt":"2015-02-12T23:46:55","slug":"camara-sai-nidia-e-entra-romildo","status":"publish","type":"post","link":"https:\/\/www.sudoestehoje.com.br\/novoportal\/2015\/02\/12\/camara-sai-nidia-e-entra-romildo\/","title":{"rendered":"C\u00c2MARA: SAI N\u00cdDIA E ENTRA ROMILDO"},"content":{"rendered":"<p><a href=\"http:\/\/www.sudoestehoje.com.br\/novoportal\/wp-content\/uploads\/2015\/02\/romi.jpg\"><img loading=\"lazy\" decoding=\"async\" class=\"aligncenter size-full wp-image-46777\" src=\"http:\/\/www.sudoestehoje.com.br\/novoportal\/wp-content\/uploads\/2015\/02\/romi.jpg\" alt=\"romi\" width=\"448\" height=\"336\" srcset=\"https:\/\/www.sudoestehoje.com.br\/novoportal\/wp-content\/uploads\/2015\/02\/romi.jpg 448w, https:\/\/www.sudoestehoje.com.br\/novoportal\/wp-content\/uploads\/2015\/02\/romi-150x112.jpg 150w\" sizes=\"auto, (max-width: 448px) 100vw, 448px\" \/><\/a><\/p>\n<p>Outra articula\u00e7\u00e3o que est\u00e1 em curso no grupo do prefeito Z\u00e9 Carlos, \u00e9 o retorno do ex-vereador Romildo Teixeira, agora primeiro suplente do PDT, que dever\u00e1 assumir a cadeira da vereadora N\u00eddia Oliveira, em uma jogada que simular\u00e1 um suposto &#8216;tratamento de sa\u00fade&#8217;, pelo per\u00edodo de 90 a 120 dias.<\/p>\n<p>N\u00eddia, que entrou na pol\u00edtica sem qualquer voca\u00e7\u00e3o, acabou sendo al\u00e7ada ao cargo de presidente da c\u00e2mara, pelo bi\u00eanio de 2013 &#8211; 2014, cujo mandato encerrou em dezembro \u00faltimo. Agora, desestimulada e sob press\u00e3o do grupo de Romildo e Tiquinho, N\u00eddia deve se afastar do mandato, com a &#8216;promessa&#8217; de Z\u00e9 Carlos abrir uma vaga no seu secretariado, quando ela retornar. O alvo dos &#8216;romildistas&#8217; \u00e9 a Secretaria de Desenvolvimento Social.<\/p>\n<p>Em outra articula\u00e7\u00e3o, Romildo deve se filiar ao PSL da Vereadora Neide Pereira, assumindo, inclusive, a presid\u00eancia do partido. Com isto, a irm\u00e3 Neide corre o risco de ser engolida pelo &#8216;Lobo Mau&#8221; e dificilmente se reelege.<\/p>\n<p>Com Romildo na c\u00e2mara, Z\u00e9 Carlos espera um confronto mais firme com a oposi\u00e7\u00e3o, j\u00e1 que a sua atual bancada \u00e9, segundo ele pr\u00f3prio, formada por vereadores &#8220;interesseiros e acomodados, que n\u00e3o vestem a camisa da administra\u00e7\u00e3o&#8221;, e s\u00f3 procuram o seu gabinete para &#8220;pedir cargos e outras vantagens&#8221;.<\/p>\n<p>Nisto eu at\u00e9 que concordo com Z\u00e9 Carlos&#8230;<\/p>\n<p><strong><em>Por Davi Ferraz<\/em><\/strong><\/p>\n<p><img decoding=\"async\" class=\"aligncenter\" src=\"http:\/\/www.sudoestehoje.com.br\/novoportal\/wp-content\/uploads\/2014\/11\/Logomarca-HB-Sementes-500x134.jpg\" alt=\"Logomarca HB Sementes\" \/><\/p>\n","protected":false},"excerpt":{"rendered":"<p>Outra articula\u00e7\u00e3o que est\u00e1 em curso no grupo do prefeito Z\u00e9 Carlos, \u00e9 o retorno do ex-vereador Romildo Teixeira, agora primeiro suplente do PDT, que dever\u00e1 assumir a cadeira da vereadora N\u00eddia Oliveira, em uma jogada que simular\u00e1 um suposto &#8216;tratamento de sa\u00fade&#8217;, pelo per\u00edodo de 90 a 120 dias. N\u00eddia, que entrou na pol\u00edtica [&hellip;]<\/p>\n","protected":false},"author":2,"featured_media":0,"comment_status":"open","ping_status":"open","sticky":false,"template":"","format":"standard","meta":{"footnotes":"","_links_to":"","_links_to_target":""},"categories":[1],"tags":[],"class_list":["post-46776","post","type-post","status-publish","format-standard","hentry","category-geral"],"views":1396,"_links":{"self":[{"href":"https:\/\/www.sudoestehoje.com.br\/novoportal\/wp-json\/wp\/v2\/posts\/46776","targetHints":{"allow":["GET"]}}],"collection":[{"href":"https:\/\/www.sudoestehoje.com.br\/novoportal\/wp-json\/wp\/v2\/posts"}],"about":[{"href":"https:\/\/www.sudoestehoje.com.br\/novoportal\/wp-json\/wp\/v2\/types\/post"}],"author":[{"embeddable":true,"href":"https:\/\/www.sudoestehoje.com.br\/novoportal\/wp-json\/wp\/v2\/users\/2"}],"replies":[{"embeddable":true,"href":"https:\/\/www.sudoestehoje.com.br\/novoportal\/wp-json\/wp\/v2\/comments?post=46776"}],"version-history":[{"count":5,"href":"https:\/\/www.sudoestehoje.com.br\/novoportal\/wp-json\/wp\/v2\/posts\/46776\/revisions"}],"predecessor-version":[{"id":46782,"href":"https:\/\/www.sudoestehoje.com.br\/novoportal\/wp-json\/wp\/v2\/posts\/46776\/revisions\/46782"}],"wp:attachment":[{"href":"https:\/\/www.sudoestehoje.com.br\/novoportal\/wp-json\/wp\/v2\/media?parent=46776"}],"wp:term":[{"taxonomy":"category","embeddable":true,"href":"https:\/\/www.sudoestehoje.com.br\/novoportal\/wp-json\/wp\/v2\/categories?post=46776"},{"taxonomy":"post_tag","embeddable":true,"href":"https:\/\/www.sudoestehoje.com.br\/novoportal\/wp-json\/wp\/v2\/tags?post=46776"}],"curies":[{"name":"wp","href":"https:\/\/api.w.org\/{rel}","templated":true}]}}