
{"id":4677,"date":"2011-05-01T00:59:54","date_gmt":"2011-05-01T03:59:54","guid":{"rendered":"http:\/\/www.sudoestehoje.com.br\/novoportal\/?p=4677"},"modified":"2011-05-01T01:01:02","modified_gmt":"2011-05-01T04:01:02","slug":"4677","status":"publish","type":"post","link":"https:\/\/www.sudoestehoje.com.br\/novoportal\/2011\/05\/01\/4677\/","title":{"rendered":"PRESIDENTE DA ADUSB DIZ QUE WAGNER AGIU COM VIOL\u00caNCIA"},"content":{"rendered":"<div><a rel=\"lightbox[40615]\" href=\"http:\/\/www.blogdoanderson.com\/v2\/wp-content\/uploads\/2011\/04\/DSC_0004.jpg\"><\/a><\/div>\n<p style=\"text-align: center;\"><img loading=\"lazy\" decoding=\"async\" title=\"DSC_0004\" src=\"http:\/\/www.blogdoanderson.com\/v2\/wp-content\/uploads\/2011\/04\/DSC_0004.jpg\" alt=\"\" width=\"420\" height=\"336\" \/><\/p>\n<div style=\"text-align: center;\"><em><strong>Alexandre Galv\u00e3o classificou o corte salarial\u00a0como uma atitude truculenta<\/strong><\/em><\/div>\n<p>\u00a0<\/p>\n<p>Em entrevista no programa Resenha Geral desta sexta-feira (29), o presidente da Associa\u00e7\u00e3o dos Docentes da Universidade do Sudoeste da Bahia (Adusb), professor Alexandre Galv\u00e3o, classificou como \u2018um ato de viol\u00eancia\u2019 a medida adotada pelo Governo Baiano em cortar os sal\u00e1rios dos professores em greve h\u00e1 vinte e tr\u00eas dias. <em>\u201cNessa perspectiva entendemos que o Governo endurece, desrespeita o direito de greve dos docentes e ao endurecer e cortar os sal\u00e1rios dessa forma, dos professores da Uesb, Uefs e Uesc, o Governo come\u00e7a a mostrar neste momento que quer for\u00e7ar a sa\u00edda da greve n\u00e3o pelo dialogo, mas sim pela repress\u00e3o, com uma atitude truculenta\u201d,<\/em> afirmou. <em>\u201cQuando eles estavam na oposi\u00e7\u00e3o eles defendiam nossa luta, agora que est\u00e3o no Governo eles parecem desconhecer\u201d, <\/em>disse em rela\u00e7\u00e3o ao decreto 12583\/2011, com retirada da cl\u00e1usula que impediria qualquer acordo salarial entre professor e Estado por quatro anos. Al\u00e9m disto, a categoria diz que rejeita o corte or\u00e7ament\u00e1rio do governo, que segundo eles, abrange desde a compra de materiais at\u00e9 a contrata\u00e7\u00e3o de novos professores substitutos. Blog do Anderson<\/p>\n","protected":false},"excerpt":{"rendered":"<p>Alexandre Galv\u00e3o classificou o corte salarial\u00a0como uma atitude truculenta \u00a0 Em entrevista no programa Resenha Geral desta sexta-feira (29), o presidente da Associa\u00e7\u00e3o dos Docentes da Universidade do Sudoeste da Bahia (Adusb), professor Alexandre Galv\u00e3o, classificou como \u2018um ato de viol\u00eancia\u2019 a medida adotada pelo Governo Baiano em cortar os sal\u00e1rios dos professores em greve [&hellip;]<\/p>\n","protected":false},"author":2,"featured_media":0,"comment_status":"open","ping_status":"open","sticky":false,"template":"","format":"standard","meta":{"footnotes":"","_links_to":"","_links_to_target":""},"categories":[1],"tags":[],"class_list":["post-4677","post","type-post","status-publish","format-standard","hentry","category-geral"],"views":1230,"_links":{"self":[{"href":"https:\/\/www.sudoestehoje.com.br\/novoportal\/wp-json\/wp\/v2\/posts\/4677","targetHints":{"allow":["GET"]}}],"collection":[{"href":"https:\/\/www.sudoestehoje.com.br\/novoportal\/wp-json\/wp\/v2\/posts"}],"about":[{"href":"https:\/\/www.sudoestehoje.com.br\/novoportal\/wp-json\/wp\/v2\/types\/post"}],"author":[{"embeddable":true,"href":"https:\/\/www.sudoestehoje.com.br\/novoportal\/wp-json\/wp\/v2\/users\/2"}],"replies":[{"embeddable":true,"href":"https:\/\/www.sudoestehoje.com.br\/novoportal\/wp-json\/wp\/v2\/comments?post=4677"}],"version-history":[{"count":3,"href":"https:\/\/www.sudoestehoje.com.br\/novoportal\/wp-json\/wp\/v2\/posts\/4677\/revisions"}],"predecessor-version":[{"id":4680,"href":"https:\/\/www.sudoestehoje.com.br\/novoportal\/wp-json\/wp\/v2\/posts\/4677\/revisions\/4680"}],"wp:attachment":[{"href":"https:\/\/www.sudoestehoje.com.br\/novoportal\/wp-json\/wp\/v2\/media?parent=4677"}],"wp:term":[{"taxonomy":"category","embeddable":true,"href":"https:\/\/www.sudoestehoje.com.br\/novoportal\/wp-json\/wp\/v2\/categories?post=4677"},{"taxonomy":"post_tag","embeddable":true,"href":"https:\/\/www.sudoestehoje.com.br\/novoportal\/wp-json\/wp\/v2\/tags?post=4677"}],"curies":[{"name":"wp","href":"https:\/\/api.w.org\/{rel}","templated":true}]}}