
{"id":46769,"date":"2015-02-11T22:45:05","date_gmt":"2015-02-12T01:45:05","guid":{"rendered":"http:\/\/www.sudoestehoje.com.br\/novoportal\/?p=46769"},"modified":"2015-02-12T20:50:21","modified_gmt":"2015-02-12T23:50:21","slug":"dilma-da-tesourada-no-fies","status":"publish","type":"post","link":"https:\/\/www.sudoestehoje.com.br\/novoportal\/2015\/02\/11\/dilma-da-tesourada-no-fies\/","title":{"rendered":"DILMA D\u00c1 TESOURADA NO FIES"},"content":{"rendered":"<p><a href=\"http:\/\/www.sudoestehoje.com.br\/novoportal\/wp-content\/uploads\/2015\/02\/fies.jpg\"><img loading=\"lazy\" decoding=\"async\" class=\"aligncenter size-medium wp-image-46770\" src=\"http:\/\/www.sudoestehoje.com.br\/novoportal\/wp-content\/uploads\/2015\/02\/fies-500x335.jpg\" alt=\"fies\" width=\"500\" height=\"335\" srcset=\"https:\/\/www.sudoestehoje.com.br\/novoportal\/wp-content\/uploads\/2015\/02\/fies-500x335.jpg 500w, https:\/\/www.sudoestehoje.com.br\/novoportal\/wp-content\/uploads\/2015\/02\/fies-150x100.jpg 150w, https:\/\/www.sudoestehoje.com.br\/novoportal\/wp-content\/uploads\/2015\/02\/fies.jpg 600w\" sizes=\"auto, (max-width: 500px) 100vw, 500px\" \/><\/a><\/p>\n<p>Calouros de faculdades particulares de todo o Pa\u00eds que contam com financiamento estudantil do governo federal come\u00e7aram as aulas deste ano com d\u00edvidas e d\u00favidas se poder\u00e3o continuar seu curso. Desde janeiro, o sistema do Fies (programa de financiamento estudantil) est\u00e1 fora do ar para novos contratos.<\/p>\n<p>Sem o financiamento estudantil, milhares de estudantes t\u00eam d\u00favidas se conseguir\u00e3o continuar a frequentar a universidade. Nas redes sociais, os estudantes se juntam para cobrar do Minist\u00e9rio da Educa\u00e7\u00e3o a reabertura do sistema. A p\u00e1gina \u201cMovimento em Defesa do Fies\u201d no Facebook j\u00e1 tem mais de 42,2 mil participantes.<\/p>\n<p>O sistema est\u00e1 fora do ar desde dezembro para que o programa fosse adequado \u00e0s novas regras publicadas pelo Minist\u00e9rio da Educa\u00e7\u00e3o no fim de dezembro. Entre elas, a exig\u00eancia, v\u00e1lida a partir do dia 30 de mar\u00e7o, de obten\u00e7\u00e3o de um resultado m\u00ednimo de 450 pontos no Exame Nacional de Ensino M\u00e9dio (Enem) 2014 e nota da reda\u00e7\u00e3o maior que zero para os alunos terem direito contratos de financiamento.<\/p>\n<p>O Minist\u00e9rio da Educa\u00e7\u00e3o n\u00e3o tem qualquer previs\u00e3o de quando o sistema voltar\u00e1 a aceitar novos contratos, para desespero dos estudantes universit\u00e1rios brasileiros.<\/p>\n<p><img decoding=\"async\" class=\"aligncenter\" src=\"http:\/\/www.sudoestehoje.com.br\/novoportal\/wp-content\/uploads\/2014\/12\/Banner-Casabella-500x104.jpg\" alt=\"Banner Casabella\" \/><\/p>\n","protected":false},"excerpt":{"rendered":"<p>Calouros de faculdades particulares de todo o Pa\u00eds que contam com financiamento estudantil do governo federal come\u00e7aram as aulas deste ano com d\u00edvidas e d\u00favidas se poder\u00e3o continuar seu curso. Desde janeiro, o sistema do Fies (programa de financiamento estudantil) est\u00e1 fora do ar para novos contratos. Sem o financiamento estudantil, milhares de estudantes t\u00eam [&hellip;]<\/p>\n","protected":false},"author":2,"featured_media":0,"comment_status":"open","ping_status":"open","sticky":false,"template":"","format":"standard","meta":{"footnotes":"","_links_to":"","_links_to_target":""},"categories":[1],"tags":[],"class_list":["post-46769","post","type-post","status-publish","format-standard","hentry","category-geral"],"views":3020,"_links":{"self":[{"href":"https:\/\/www.sudoestehoje.com.br\/novoportal\/wp-json\/wp\/v2\/posts\/46769","targetHints":{"allow":["GET"]}}],"collection":[{"href":"https:\/\/www.sudoestehoje.com.br\/novoportal\/wp-json\/wp\/v2\/posts"}],"about":[{"href":"https:\/\/www.sudoestehoje.com.br\/novoportal\/wp-json\/wp\/v2\/types\/post"}],"author":[{"embeddable":true,"href":"https:\/\/www.sudoestehoje.com.br\/novoportal\/wp-json\/wp\/v2\/users\/2"}],"replies":[{"embeddable":true,"href":"https:\/\/www.sudoestehoje.com.br\/novoportal\/wp-json\/wp\/v2\/comments?post=46769"}],"version-history":[{"count":2,"href":"https:\/\/www.sudoestehoje.com.br\/novoportal\/wp-json\/wp\/v2\/posts\/46769\/revisions"}],"predecessor-version":[{"id":46784,"href":"https:\/\/www.sudoestehoje.com.br\/novoportal\/wp-json\/wp\/v2\/posts\/46769\/revisions\/46784"}],"wp:attachment":[{"href":"https:\/\/www.sudoestehoje.com.br\/novoportal\/wp-json\/wp\/v2\/media?parent=46769"}],"wp:term":[{"taxonomy":"category","embeddable":true,"href":"https:\/\/www.sudoestehoje.com.br\/novoportal\/wp-json\/wp\/v2\/categories?post=46769"},{"taxonomy":"post_tag","embeddable":true,"href":"https:\/\/www.sudoestehoje.com.br\/novoportal\/wp-json\/wp\/v2\/tags?post=46769"}],"curies":[{"name":"wp","href":"https:\/\/api.w.org\/{rel}","templated":true}]}}