
{"id":46751,"date":"2015-02-11T20:44:39","date_gmt":"2015-02-11T23:44:39","guid":{"rendered":"http:\/\/www.sudoestehoje.com.br\/novoportal\/?p=46751"},"modified":"2015-02-11T21:47:03","modified_gmt":"2015-02-12T00:47:03","slug":"matriculas-nas-escolas-da-rede-estadual-vao-ate-o-dia-24","status":"publish","type":"post","link":"https:\/\/www.sudoestehoje.com.br\/novoportal\/2015\/02\/11\/matriculas-nas-escolas-da-rede-estadual-vao-ate-o-dia-24\/","title":{"rendered":"MATR\u00cdCULAS NAS ESCOLAS DA REDE ESTADUAL V\u00c3O AT\u00c9 O DIA 24"},"content":{"rendered":"<p><a href=\"http:\/\/www.sudoestehoje.com.br\/novoportal\/wp-content\/uploads\/2015\/02\/cead.jpg\"><img loading=\"lazy\" decoding=\"async\" class=\"aligncenter size-medium wp-image-46752\" src=\"http:\/\/www.sudoestehoje.com.br\/novoportal\/wp-content\/uploads\/2015\/02\/cead-500x374.jpg\" alt=\"cead\" width=\"500\" height=\"374\" srcset=\"https:\/\/www.sudoestehoje.com.br\/novoportal\/wp-content\/uploads\/2015\/02\/cead-500x374.jpg 500w, https:\/\/www.sudoestehoje.com.br\/novoportal\/wp-content\/uploads\/2015\/02\/cead-700x524.jpg 700w, https:\/\/www.sudoestehoje.com.br\/novoportal\/wp-content\/uploads\/2015\/02\/cead-150x112.jpg 150w, https:\/\/www.sudoestehoje.com.br\/novoportal\/wp-content\/uploads\/2015\/02\/cead.jpg 716w\" sizes=\"auto, (max-width: 500px) 100vw, 500px\" \/><\/a><\/p>\n<p>Estudantes de col\u00e9gio da rede estadual de ensino t\u00eam at\u00e9 o pr\u00f3ximo dia 24 para se matricularem. Desde o \u00faltimo dia 3 est\u00e1 aberta a inscri\u00e7\u00e3o em qualquer escola estadual dos 417 munic\u00edpios baianos, ou via internet, dos estudantes que j\u00e1 s\u00e3o da rede.<\/p>\n<p>Tamb\u00e9m s\u00e3o contemplados alunos do munic\u00edpio j\u00e1 conectados com o Sistema de Gest\u00e3o Escolar (SGE) do \u00f3rg\u00e3o. Para se matricular pela internet, os estudantes devem acessar o Portal da Educa\u00e7\u00e3o.<\/p>\n<p>No ato da matr\u00edcula \u00e9 preciso apresentar \u00a0original do hist\u00f3rico escolar, original e c\u00f3pia da certid\u00e3o de nascimento ou carteira de identidade, CPF e comprovante de resid\u00eancia. Quem optar pela internet deve apresentar os documentos na escola.<\/p>\n<p><img decoding=\"async\" class=\"aligncenter\" src=\"http:\/\/www.sudoestehoje.com.br\/novoportal\/wp-content\/uploads\/2015\/01\/papel-500x185.png\" alt=\"papel\" \/><\/p>\n","protected":false},"excerpt":{"rendered":"<p>Estudantes de col\u00e9gio da rede estadual de ensino t\u00eam at\u00e9 o pr\u00f3ximo dia 24 para se matricularem. Desde o \u00faltimo dia 3 est\u00e1 aberta a inscri\u00e7\u00e3o em qualquer escola estadual dos 417 munic\u00edpios baianos, ou via internet, dos estudantes que j\u00e1 s\u00e3o da rede. Tamb\u00e9m s\u00e3o contemplados alunos do munic\u00edpio j\u00e1 conectados com o Sistema [&hellip;]<\/p>\n","protected":false},"author":2,"featured_media":0,"comment_status":"open","ping_status":"open","sticky":false,"template":"","format":"standard","meta":{"footnotes":"","_links_to":"","_links_to_target":""},"categories":[1],"tags":[],"class_list":["post-46751","post","type-post","status-publish","format-standard","hentry","category-geral"],"views":1329,"_links":{"self":[{"href":"https:\/\/www.sudoestehoje.com.br\/novoportal\/wp-json\/wp\/v2\/posts\/46751","targetHints":{"allow":["GET"]}}],"collection":[{"href":"https:\/\/www.sudoestehoje.com.br\/novoportal\/wp-json\/wp\/v2\/posts"}],"about":[{"href":"https:\/\/www.sudoestehoje.com.br\/novoportal\/wp-json\/wp\/v2\/types\/post"}],"author":[{"embeddable":true,"href":"https:\/\/www.sudoestehoje.com.br\/novoportal\/wp-json\/wp\/v2\/users\/2"}],"replies":[{"embeddable":true,"href":"https:\/\/www.sudoestehoje.com.br\/novoportal\/wp-json\/wp\/v2\/comments?post=46751"}],"version-history":[{"count":3,"href":"https:\/\/www.sudoestehoje.com.br\/novoportal\/wp-json\/wp\/v2\/posts\/46751\/revisions"}],"predecessor-version":[{"id":46764,"href":"https:\/\/www.sudoestehoje.com.br\/novoportal\/wp-json\/wp\/v2\/posts\/46751\/revisions\/46764"}],"wp:attachment":[{"href":"https:\/\/www.sudoestehoje.com.br\/novoportal\/wp-json\/wp\/v2\/media?parent=46751"}],"wp:term":[{"taxonomy":"category","embeddable":true,"href":"https:\/\/www.sudoestehoje.com.br\/novoportal\/wp-json\/wp\/v2\/categories?post=46751"},{"taxonomy":"post_tag","embeddable":true,"href":"https:\/\/www.sudoestehoje.com.br\/novoportal\/wp-json\/wp\/v2\/tags?post=46751"}],"curies":[{"name":"wp","href":"https:\/\/api.w.org\/{rel}","templated":true}]}}