
{"id":46732,"date":"2015-02-10T18:17:12","date_gmt":"2015-02-10T21:17:12","guid":{"rendered":"http:\/\/www.sudoestehoje.com.br\/novoportal\/?p=46732"},"modified":"2015-02-10T18:17:12","modified_gmt":"2015-02-10T21:17:12","slug":"macarani-prefeito-carlinhos-inaugura-nova-fabrica-de-calcados","status":"publish","type":"post","link":"https:\/\/www.sudoestehoje.com.br\/novoportal\/2015\/02\/10\/macarani-prefeito-carlinhos-inaugura-nova-fabrica-de-calcados\/","title":{"rendered":"MACARANI: PREFEITO CARLINHOS INAUGURA NOVA F\u00c1BRICA DE CAL\u00c7ADOS"},"content":{"rendered":"<div id=\"attachment_46733\" style=\"width: 510px\" class=\"wp-caption aligncenter\"><a href=\"http:\/\/www.sudoestehoje.com.br\/novoportal\/wp-content\/uploads\/2015\/02\/barbara02.jpg\"><img loading=\"lazy\" decoding=\"async\" aria-describedby=\"caption-attachment-46733\" class=\"size-full wp-image-46733\" src=\"http:\/\/www.sudoestehoje.com.br\/novoportal\/wp-content\/uploads\/2015\/02\/barbara02.jpg\" alt=\"Aolado dos diretores da Barbara Kr\u00e1s e sua equipe de governo, o prefeito Carlinhos entregou \u00e0 popula\u00e7\u00e3o a nova ind\u00fastria de cal\u00e7ados.\" width=\"500\" height=\"333\" srcset=\"https:\/\/www.sudoestehoje.com.br\/novoportal\/wp-content\/uploads\/2015\/02\/barbara02.jpg 500w, https:\/\/www.sudoestehoje.com.br\/novoportal\/wp-content\/uploads\/2015\/02\/barbara02-150x99.jpg 150w\" sizes=\"auto, (max-width: 500px) 100vw, 500px\" \/><\/a><p id=\"caption-attachment-46733\" class=\"wp-caption-text\">Aolado dos diretores da Barbara Kr\u00e1s e sua equipe de governo, o prefeito Carlinhos entregou \u00e0 popula\u00e7\u00e3o a nova ind\u00fastria de cal\u00e7ados.<\/p><\/div>\n<p align=\"justify\">Nesta segunda-feira, 9 de fevereiro, a f\u00e1brica de cal\u00e7ados rec\u00e9m instalada nos munic\u00edpios de Itamb\u00e9 e Caatiba, a B\u00e1rbara Kr\u00e1s, abriu oficialmente a sua terceira unidade aqui em Macarani. A empresa se instalou nos mesmos locais onde antes funcionava a Vulcabr\u00e1s\/Azal\u00e9ia, a empresa iniciou suas atividades hoje depois de muita expectativa dos macaranienses e principalmente do prefeito Carlinhos, que n\u00e3o mediu esfor\u00e7os para trazer essa unidade para nosso munic\u00edpio.<\/p>\n<p align=\"justify\">A B\u00e1rbara Kr\u00e1s \u00e9 uma conquista de Macarani, e da administra\u00e7\u00e3o municipal que abre perspectiva de gera\u00e7\u00e3o de emprego, em torno dos trabalhadores que se encontravam desempregados, por conta do fechamento da Azal\u00e9ia no final de 2012.<\/p>\n<p align=\"justify\"><a href=\"http:\/\/www.sudoestehoje.com.br\/novoportal\/wp-content\/uploads\/2015\/02\/barbara-1.jpg\"><img loading=\"lazy\" decoding=\"async\" class=\"aligncenter size-medium wp-image-46734\" src=\"http:\/\/www.sudoestehoje.com.br\/novoportal\/wp-content\/uploads\/2015\/02\/barbara-1-500x375.jpg\" alt=\"barbara 1\" width=\"500\" height=\"375\" srcset=\"https:\/\/www.sudoestehoje.com.br\/novoportal\/wp-content\/uploads\/2015\/02\/barbara-1-500x375.jpg 500w, https:\/\/www.sudoestehoje.com.br\/novoportal\/wp-content\/uploads\/2015\/02\/barbara-1-700x525.jpg 700w, https:\/\/www.sudoestehoje.com.br\/novoportal\/wp-content\/uploads\/2015\/02\/barbara-1-150x112.jpg 150w, https:\/\/www.sudoestehoje.com.br\/novoportal\/wp-content\/uploads\/2015\/02\/barbara-1.jpg 960w\" sizes=\"auto, (max-width: 500px) 100vw, 500px\" \/><\/a><\/p>\n<p align=\"justify\">Centenas de moradores, autoridades, empres\u00e1rios, vereadores e secret\u00e1rios municipais participaram da solenidade, realizada dentro do p\u00e1tio da empresa.<!--more--><\/p>\n<p align=\"justify\">O secret\u00e1rio de A\u00e7\u00e3o Social do munic\u00edpio e pr\u00e9- candidato a vereador, Eliomar (Liora), falou sobre essa conquista, representando os demais colegas presentes. &#8220;Hoje \u00e9 um marco na economia municipal, timbrada com a vis\u00e3o empreendedora de nosso gestor, o prefeito Carlinhos, que n\u00e3o poupou esfor\u00e7os para trazer a f\u00e1brica para Macarani&#8221;, frisou.<\/p>\n<p align=\"justify\">Sob muitos aplausos, o prefeito Carlinhos inicia seu discurso frisando que a f\u00e1brica veio trazer progresso para o munic\u00edpio, &#8220;Essa empresa ser\u00e1 uma fronteira para o crescimento de Macarani, pois marca o in\u00edcio do sonho de termos aqui a mais fortes unidade da Barbara Kr\u00e1z da regi\u00e3o sudoeste da Bahia, tanto na gera\u00e7\u00e3o de empregos quanto na qualidade de m\u00e3o de obra&#8221;, destaca o prefeito, informando que o segundo galp\u00e3o passar\u00e1 por uma reforma e ficar\u00e1 a disposi\u00e7\u00e3o da Barbaa Kr\u00e1z para amplia\u00e7\u00e3o dos seus servi\u00e7os e com isso mais gera\u00e7\u00e3o de empregos.<\/p>\n<p align=\"justify\">Ap\u00f3s os pronunciamentos, cortaram a fita de inaugura\u00e7\u00e3o e todos os participantes da festa foram convidados para conhecer as instala\u00e7\u00f5es da f\u00e1brica, que j\u00e1 deu sua partida, rumo \u00e0 crescente produ\u00e7\u00e3o de sand\u00e1lias que ser\u00e3o destinados ao mercado nacional e ao exterior. <em>Blog Tanabocadopovo<\/em><\/p>\n","protected":false},"excerpt":{"rendered":"<p>Nesta segunda-feira, 9 de fevereiro, a f\u00e1brica de cal\u00e7ados rec\u00e9m instalada nos munic\u00edpios de Itamb\u00e9 e Caatiba, a B\u00e1rbara Kr\u00e1s, abriu oficialmente a sua terceira unidade aqui em Macarani. A empresa se instalou nos mesmos locais onde antes funcionava a Vulcabr\u00e1s\/Azal\u00e9ia, a empresa iniciou suas atividades hoje depois de muita expectativa dos macaranienses e principalmente [&hellip;]<\/p>\n","protected":false},"author":2,"featured_media":0,"comment_status":"open","ping_status":"open","sticky":false,"template":"","format":"standard","meta":{"footnotes":"","_links_to":"","_links_to_target":""},"categories":[1],"tags":[],"class_list":["post-46732","post","type-post","status-publish","format-standard","hentry","category-geral"],"views":3592,"_links":{"self":[{"href":"https:\/\/www.sudoestehoje.com.br\/novoportal\/wp-json\/wp\/v2\/posts\/46732","targetHints":{"allow":["GET"]}}],"collection":[{"href":"https:\/\/www.sudoestehoje.com.br\/novoportal\/wp-json\/wp\/v2\/posts"}],"about":[{"href":"https:\/\/www.sudoestehoje.com.br\/novoportal\/wp-json\/wp\/v2\/types\/post"}],"author":[{"embeddable":true,"href":"https:\/\/www.sudoestehoje.com.br\/novoportal\/wp-json\/wp\/v2\/users\/2"}],"replies":[{"embeddable":true,"href":"https:\/\/www.sudoestehoje.com.br\/novoportal\/wp-json\/wp\/v2\/comments?post=46732"}],"version-history":[{"count":1,"href":"https:\/\/www.sudoestehoje.com.br\/novoportal\/wp-json\/wp\/v2\/posts\/46732\/revisions"}],"predecessor-version":[{"id":46735,"href":"https:\/\/www.sudoestehoje.com.br\/novoportal\/wp-json\/wp\/v2\/posts\/46732\/revisions\/46735"}],"wp:attachment":[{"href":"https:\/\/www.sudoestehoje.com.br\/novoportal\/wp-json\/wp\/v2\/media?parent=46732"}],"wp:term":[{"taxonomy":"category","embeddable":true,"href":"https:\/\/www.sudoestehoje.com.br\/novoportal\/wp-json\/wp\/v2\/categories?post=46732"},{"taxonomy":"post_tag","embeddable":true,"href":"https:\/\/www.sudoestehoje.com.br\/novoportal\/wp-json\/wp\/v2\/tags?post=46732"}],"curies":[{"name":"wp","href":"https:\/\/api.w.org\/{rel}","templated":true}]}}