
{"id":4671,"date":"2011-04-30T01:24:04","date_gmt":"2011-04-30T04:24:04","guid":{"rendered":"http:\/\/www.sudoestehoje.com.br\/novoportal\/?p=4671"},"modified":"2011-04-30T01:34:57","modified_gmt":"2011-04-30T04:34:57","slug":"itapetinga-sociedade-civil-organizada-lanca-manifesto-contra-a-violencia","status":"publish","type":"post","link":"https:\/\/www.sudoestehoje.com.br\/novoportal\/2011\/04\/30\/itapetinga-sociedade-civil-organizada-lanca-manifesto-contra-a-violencia\/","title":{"rendered":"ITAPETINGA: SOCIEDADE CIVIL ORGANIZADA LAN\u00c7A MANIFESTO CONTRA A VIOL\u00caNCIA"},"content":{"rendered":"<p style=\"text-align: center;\"><strong><em><img decoding=\"async\" src=\"http:\/\/4.bp.blogspot.com\/_oG9WOEk_Jco\/S8hnWSUAe5I\/AAAAAAAAIo4\/-CLwNAFVMuE\/s1600\/violencia_1191998297_bastadeviolencia_mariacastro_flickr_2007.jpg\" alt=\"\" \/><\/em><\/strong><\/p>\n<p style=\"text-align: center;\"><strong><em>\u00a0<\/em><\/strong><\/p>\n<p style=\"text-align: center;\"><strong><em>&#8220;UM PASSO \u00c0 FRENTE&#8221;\u00a0<\/em><\/strong><\/p>\n<p>\u00a0<\/p>\n<p>O cada dia mais preocupante quadro da viol\u00eancia que nos cerca e atemoriza\u00a0 motivou a que os Representantes das Institui\u00e7\u00f5es\u00a0 que subscrevem este manifesto, conscientes da\u00a0 sua responsabilidade para com a sociedade e de que a sua conduta est\u00e1 amplamente respaldada em seus Estatutos, se dirijam \u00e0s Autoridades diretamente encarregadas da garantia e seguran\u00e7a p\u00fablicas\u00a0 solicitando-lhes provid\u00eancias devidas, antes que sejam\u00a0 tardias<\/p>\n<p>\u00a0A investidura de nossa representa\u00e7\u00e3o nos fez optar pela publicidade por\u00a0 nos parecer ser esta a forma mais adequada de fazer ecoar junto \u00e0s autoridades competentes, em todas as esferas de poder, \u00a0a nossa indigna\u00e7\u00e3o em ver\u00a0 a nossa cidade entregue \u00e0 viol\u00eancia disseminada pela marginalidade. N\u00e3o nos satisfaz a explica\u00e7\u00e3o de que n\u00e3o somos um caso isolado e que outras cidades sofrem com o mesmo problema. E, se assim o e\u00b4, tomara que a\u00a0 iniciativa que adotamos sirva de exemplo e outras comunidades se sintam encorajadas a reclamarem o mesmo direito \u00e0 seguran\u00e7a p\u00fablica que buscamos.<!--more--><\/p>\n<p>Decididamente n\u00e3o est\u00e1 correto que o cidad\u00e3o seja obrigado a proteger a sua casa com cercas el\u00e9tricas, seja for\u00e7ado a elevar consideravelmente a altura dos seus muros, a armar-se de toda uma parafern\u00e1lia eletr\u00f4nica de alarmes e c\u00e2maras de v\u00eddeo, a manter em casa dois ou tr\u00eas c\u00e3es de ferocidade comprovada, para suprir a omiss\u00e3o da pol\u00edcia, como est\u00e1 ocorrendo entre n\u00f3s. N\u00e3o \u00e9 justo que as fam\u00edlias fiquem encarceradas em suas casas, j\u00e1 n\u00e3o s\u00f3 no per\u00edodo da noite, mas, tamb\u00e9m, durante o dia, atemorizadas com a ousadia\u00a0 dos assaltantes, encorajados com a aus\u00eancia de um policiamento que os iniba.<\/p>\n<p>N\u00e3o estamos reivindicando a viol\u00eancia do Estado contra a viol\u00eancia dos delinq\u00fcentes. Estamos reivindicando presen\u00e7a, efici\u00eancia, a\u00e7\u00e3o das autoridades respons\u00e1veis pela seguran\u00e7a como recurso legal institu\u00eddo como garantia fundamental do cidad\u00e3o. Estamos reivindicando um direito. A nossa gente \u00e9 ordeira, pacata, mas se sente insegura. E isto n\u00e3o pode continuar, est\u00e1 se tornando insuport\u00e1vel.<\/p>\n<p>Seria plenamente dispens\u00e1vel enumerar casos que chocaram a sociedade itapetinguense, tantos s\u00e3o eles. N\u00e3o \u00e9 necess\u00e1rio, tamb\u00e9m, dizer o quanto a ousadia da criminalidade tem avan\u00e7ado. Vale, entretanto, lembrar que\u00a0 a delinq\u00fc\u00eancia j\u00e1 n\u00e3o respeita idade,\u00a0 faixa social ou econ\u00f4mica, e que fam\u00edlias ilustres desta terra foram submetidas a graves constrangimentos\u00a0 f\u00edsicos e psicol\u00f3gicos, como recentemente se registrou, com casas\u00a0 invadidas e seus ocupantes, sob amea\u00e7as de armas, expostos a vexames de toda ordem. Propriet\u00e1rios de bares s\u00e3o obrigados \u00e0 cumplicidade do sil\u00eancio de que sobre as mesas dos seus estabelecimentos corre livre o uso e com\u00e9rcio de v\u00e1rios tipos de drogas;\u00a0 n\u00e3o \u00e9 segredo que grupos armados imp\u00f5em as mais s\u00e9rias restri\u00e7\u00f5es ao tr\u00e2nsito de pedestres nos bairros mais afastados do centro da cidade: mas que, tamb\u00e9m, no\u00a0 centro da cidade tem ocorrido tiroteios entre grupos de criminosos, numa afronta desmedida \u00e0 ordem e \u00e0 seguran\u00e7a e que, inclusive j\u00e1 houve mortes registradas nestas ocorr\u00eancias; a cr\u00f4nica policial registra um sem n\u00famero de assaltos, especialmente a aposentados ap\u00f3s o ato de saque de seus benef\u00edcios. A nossa cidade est\u00e1 aceitando a triste refer\u00eancia de fazer parte do roteiro do tr\u00e1fico de drogas e isto \u00e9 lament\u00e1vel e n\u00e3o pode continuar.\u00a0 Estes s\u00e3o apenas alguns fatos, referidos t\u00e3o s\u00f3 como exemplos. A lista seria sumamente enriquecida com a experi\u00eancia de in\u00fameras pessoas que sofreram na pele as conseq\u00fc\u00eancias da inseguran\u00e7a que ora denunciamos. \u00a0<\/p>\n<p>Os signat\u00e1rios deste manifesto reiteram o seu prop\u00f3sito de colabora\u00e7\u00e3o estreita e constante com as for\u00e7as da seguran\u00e7a p\u00fablica (Civil e Militar), Poderes Executivo e Legislativo, Minist\u00e9rio P\u00fablico, assim como entendem que, denunciando publicamente a sua insatisfa\u00e7\u00e3o, est\u00e3o emprestando a sua colabora\u00e7\u00e3o ao Major Comandante da Oitava Companhia Independente da Pol\u00edcia Militar, que recentemente assumiu as sua fun\u00e7\u00f5es. \u00a0\u00a0\u00a0\u00a0\u00a0\u00a0\u00a0<\/p>\n<p>Itapetinga, 29 de abril de 2.011<\/p>\n<p>Loja Ma\u00e7\u00f4nica \u201cAmor e Uni\u00e3o Itapetinguense\u201d<\/p>\n<p>Sub Sec\u00e7\u00e3o da Ordem dos Advogados do Brasil<\/p>\n<p>Clube de Diretores Lojistas de Itapetinga (CDL)<\/p>\n<p>COEDITA \u2013 Cooperativa Educacional de Itapetinga<\/p>\n<p>Primeira Igreja Batista de Itapetinga<\/p>\n<p>Par\u00f3quia de S\u00e3o Jos\u00e9<\/p>\n<p>COOPARDO<\/p>\n<p>Sindicato Rural de Itapetinga<\/p>\n<p>COOLEITE<\/p>\n<p>Rotary\u00a0 Clube\u00a0 de\u00a0 Itapetinga<\/p>\n<p>OMEI<\/p>\n<p>Coroas\u00a0 Country\u00a0 Clube<\/p>\n<p>Col\u00e9gio Batista \/ UNOPAR<\/p>\n<p>Col\u00e9gio\u00a0 S\u00e3o\u00a0 Jos\u00e9<\/p>\n<p>Sindicato\u00a0 dos\u00a0 Comerci\u00e1rios<\/p>\n<p>Academia\u00a0 Itapetinguense\u00a0 de\u00a0 Letras<\/p>\n<p>Sindicato\u00a0 dos\u00a0 Banc\u00e1rios<\/p>\n<p>Sindicato\u00a0 da\u00a0 Verdade<\/p>\n<p>Conselho\u00a0 Regional\u00a0 de\u00a0 Medicina<\/p>\n<p>Conselho\u00a0 Regional\u00a0 de\u00a0 Contabilidade \u2013 15\u00aa Delegacia<\/p>\n<p>Associa\u00e7\u00e3o das Ind\u00fastrias de Itapetinga<\/p>\n<p>APLB\u00a0 &#8211; Sindicato<\/p>\n","protected":false},"excerpt":{"rendered":"<p>\u00a0 &#8220;UM PASSO \u00c0 FRENTE&#8221;\u00a0 \u00a0 O cada dia mais preocupante quadro da viol\u00eancia que nos cerca e atemoriza\u00a0 motivou a que os Representantes das Institui\u00e7\u00f5es\u00a0 que subscrevem este manifesto, conscientes da\u00a0 sua responsabilidade para com a sociedade e de que a sua conduta est\u00e1 amplamente respaldada em seus Estatutos, se dirijam \u00e0s Autoridades diretamente [&hellip;]<\/p>\n","protected":false},"author":2,"featured_media":0,"comment_status":"open","ping_status":"open","sticky":false,"template":"","format":"standard","meta":{"footnotes":"","_links_to":"","_links_to_target":""},"categories":[1],"tags":[],"class_list":["post-4671","post","type-post","status-publish","format-standard","hentry","category-geral"],"views":1509,"_links":{"self":[{"href":"https:\/\/www.sudoestehoje.com.br\/novoportal\/wp-json\/wp\/v2\/posts\/4671","targetHints":{"allow":["GET"]}}],"collection":[{"href":"https:\/\/www.sudoestehoje.com.br\/novoportal\/wp-json\/wp\/v2\/posts"}],"about":[{"href":"https:\/\/www.sudoestehoje.com.br\/novoportal\/wp-json\/wp\/v2\/types\/post"}],"author":[{"embeddable":true,"href":"https:\/\/www.sudoestehoje.com.br\/novoportal\/wp-json\/wp\/v2\/users\/2"}],"replies":[{"embeddable":true,"href":"https:\/\/www.sudoestehoje.com.br\/novoportal\/wp-json\/wp\/v2\/comments?post=4671"}],"version-history":[{"count":5,"href":"https:\/\/www.sudoestehoje.com.br\/novoportal\/wp-json\/wp\/v2\/posts\/4671\/revisions"}],"predecessor-version":[{"id":4675,"href":"https:\/\/www.sudoestehoje.com.br\/novoportal\/wp-json\/wp\/v2\/posts\/4671\/revisions\/4675"}],"wp:attachment":[{"href":"https:\/\/www.sudoestehoje.com.br\/novoportal\/wp-json\/wp\/v2\/media?parent=4671"}],"wp:term":[{"taxonomy":"category","embeddable":true,"href":"https:\/\/www.sudoestehoje.com.br\/novoportal\/wp-json\/wp\/v2\/categories?post=4671"},{"taxonomy":"post_tag","embeddable":true,"href":"https:\/\/www.sudoestehoje.com.br\/novoportal\/wp-json\/wp\/v2\/tags?post=4671"}],"curies":[{"name":"wp","href":"https:\/\/api.w.org\/{rel}","templated":true}]}}