
{"id":46679,"date":"2015-02-08T13:16:26","date_gmt":"2015-02-08T16:16:26","guid":{"rendered":"http:\/\/www.sudoestehoje.com.br\/novoportal\/?p=46679"},"modified":"2015-02-09T00:21:28","modified_gmt":"2015-02-09T03:21:28","slug":"conquista-carreta-invade-faixa-de-pedestre-e-mata-homem","status":"publish","type":"post","link":"https:\/\/www.sudoestehoje.com.br\/novoportal\/2015\/02\/08\/conquista-carreta-invade-faixa-de-pedestre-e-mata-homem\/","title":{"rendered":"CONQUISTA: CARRETA INVADE FAIXA DE PEDESTRE E MATA HOMEM"},"content":{"rendered":"<p><a href=\"http:\/\/www.sudoestehoje.com.br\/novoportal\/wp-content\/uploads\/2015\/02\/pedestre-m.jpg\"><img loading=\"lazy\" decoding=\"async\" class=\"aligncenter size-full wp-image-46680\" src=\"http:\/\/www.sudoestehoje.com.br\/novoportal\/wp-content\/uploads\/2015\/02\/pedestre-m.jpg\" alt=\"pedestre m\" width=\"500\" height=\"300\" srcset=\"https:\/\/www.sudoestehoje.com.br\/novoportal\/wp-content\/uploads\/2015\/02\/pedestre-m.jpg 500w, https:\/\/www.sudoestehoje.com.br\/novoportal\/wp-content\/uploads\/2015\/02\/pedestre-m-150x90.jpg 150w\" sizes=\"auto, (max-width: 500px) 100vw, 500px\" \/><\/a><\/p>\n<p>Um pedestre morreu enquanto atravessava uma faixa de pedestre na Avenida Integra\u00e7\u00e3o. O homem foi atropelado por um caminh\u00e3o com placa de Bom Retiro, no estado de Santa Catarina, que seguia pela rodovia em alta velocidade.<\/p>\n<p><a href=\"http:\/\/www.sudoestehoje.com.br\/novoportal\/wp-content\/uploads\/2015\/02\/carret.jpg\"><img loading=\"lazy\" decoding=\"async\" class=\"aligncenter size-full wp-image-46681\" src=\"http:\/\/www.sudoestehoje.com.br\/novoportal\/wp-content\/uploads\/2015\/02\/carret.jpg\" alt=\"carret\" width=\"500\" height=\"331\" srcset=\"https:\/\/www.sudoestehoje.com.br\/novoportal\/wp-content\/uploads\/2015\/02\/carret.jpg 500w, https:\/\/www.sudoestehoje.com.br\/novoportal\/wp-content\/uploads\/2015\/02\/carret-150x99.jpg 150w\" sizes=\"auto, (max-width: 500px) 100vw, 500px\" \/><\/a><\/p>\n<p>Segundo testemunhas, tr\u00eas ve\u00edculos esperavam o sem\u00e1foro abrir. Assim que abriu, o pedestre estava no meio da faixa, terminando de atravessar. Os ve\u00edculos, ent\u00e3o, esperaram ele terminar a travessia. Por\u00e9m, a carreta que descia a avenida n\u00e3o parou. A carreta atingiu os ve\u00edculos por traz e atropelou o pedestre. A v\u00edtima teve o cr\u00e2nio amassando. Devido a forma tr\u00e1gica do acidente, n\u00e3o foi poss\u00edvel identificar o homem. A Pol\u00edcia Rodovi\u00e1ria Federal esteve no local e apreendeu o carreteiro. Resenha Geral<\/p>\n<p><img decoding=\"async\" class=\"aligncenter\" src=\"http:\/\/www.sudoestehoje.com.br\/novoportal\/wp-content\/uploads\/2014\/11\/Logomarca-HB-Sementes-500x134.jpg\" alt=\"Logomarca HB Sementes\" \/><\/p>\n","protected":false},"excerpt":{"rendered":"<p>Um pedestre morreu enquanto atravessava uma faixa de pedestre na Avenida Integra\u00e7\u00e3o. O homem foi atropelado por um caminh\u00e3o com placa de Bom Retiro, no estado de Santa Catarina, que seguia pela rodovia em alta velocidade. Segundo testemunhas, tr\u00eas ve\u00edculos esperavam o sem\u00e1foro abrir. Assim que abriu, o pedestre estava no meio da faixa, terminando [&hellip;]<\/p>\n","protected":false},"author":2,"featured_media":0,"comment_status":"open","ping_status":"open","sticky":false,"template":"","format":"standard","meta":{"footnotes":"","_links_to":"","_links_to_target":""},"categories":[1],"tags":[],"class_list":["post-46679","post","type-post","status-publish","format-standard","hentry","category-geral"],"views":2158,"_links":{"self":[{"href":"https:\/\/www.sudoestehoje.com.br\/novoportal\/wp-json\/wp\/v2\/posts\/46679","targetHints":{"allow":["GET"]}}],"collection":[{"href":"https:\/\/www.sudoestehoje.com.br\/novoportal\/wp-json\/wp\/v2\/posts"}],"about":[{"href":"https:\/\/www.sudoestehoje.com.br\/novoportal\/wp-json\/wp\/v2\/types\/post"}],"author":[{"embeddable":true,"href":"https:\/\/www.sudoestehoje.com.br\/novoportal\/wp-json\/wp\/v2\/users\/2"}],"replies":[{"embeddable":true,"href":"https:\/\/www.sudoestehoje.com.br\/novoportal\/wp-json\/wp\/v2\/comments?post=46679"}],"version-history":[{"count":3,"href":"https:\/\/www.sudoestehoje.com.br\/novoportal\/wp-json\/wp\/v2\/posts\/46679\/revisions"}],"predecessor-version":[{"id":46708,"href":"https:\/\/www.sudoestehoje.com.br\/novoportal\/wp-json\/wp\/v2\/posts\/46679\/revisions\/46708"}],"wp:attachment":[{"href":"https:\/\/www.sudoestehoje.com.br\/novoportal\/wp-json\/wp\/v2\/media?parent=46679"}],"wp:term":[{"taxonomy":"category","embeddable":true,"href":"https:\/\/www.sudoestehoje.com.br\/novoportal\/wp-json\/wp\/v2\/categories?post=46679"},{"taxonomy":"post_tag","embeddable":true,"href":"https:\/\/www.sudoestehoje.com.br\/novoportal\/wp-json\/wp\/v2\/tags?post=46679"}],"curies":[{"name":"wp","href":"https:\/\/api.w.org\/{rel}","templated":true}]}}