
{"id":46654,"date":"2015-02-07T20:45:11","date_gmt":"2015-02-07T23:45:11","guid":{"rendered":"http:\/\/www.sudoestehoje.com.br\/novoportal\/?p=46654"},"modified":"2015-02-07T21:08:04","modified_gmt":"2015-02-08T00:08:04","slug":"datafolha-avaliacao-do-governo-de-dilma-e-a-pior-da-era-pt","status":"publish","type":"post","link":"https:\/\/www.sudoestehoje.com.br\/novoportal\/2015\/02\/07\/datafolha-avaliacao-do-governo-de-dilma-e-a-pior-da-era-pt\/","title":{"rendered":"DATAFOLHA: AVALIA\u00c7\u00c3O DO GOVERNO DE DILMA \u00c9 A PIOR DA ERA PT"},"content":{"rendered":"<p><a href=\"http:\/\/www.sudoestehoje.com.br\/novoportal\/wp-content\/uploads\/2015\/02\/dilma.jpg\"><img loading=\"lazy\" decoding=\"async\" class=\"aligncenter size-medium wp-image-46655\" src=\"http:\/\/www.sudoestehoje.com.br\/novoportal\/wp-content\/uploads\/2015\/02\/dilma-500x286.jpg\" alt=\"dilma\" width=\"500\" height=\"286\" srcset=\"https:\/\/www.sudoestehoje.com.br\/novoportal\/wp-content\/uploads\/2015\/02\/dilma-500x286.jpg 500w, https:\/\/www.sudoestehoje.com.br\/novoportal\/wp-content\/uploads\/2015\/02\/dilma-700x401.jpg 700w, https:\/\/www.sudoestehoje.com.br\/novoportal\/wp-content\/uploads\/2015\/02\/dilma-150x85.jpg 150w, https:\/\/www.sudoestehoje.com.br\/novoportal\/wp-content\/uploads\/2015\/02\/dilma.jpg 712w\" sizes=\"auto, (max-width: 500px) 100vw, 500px\" \/><\/a><\/p>\n<p>A avalia\u00e7\u00e3o \u00f3tima\/boa do governo de Dilma Rousseff caiu de 42% em dezembro para 23% agora. \u00c9 o que mostra pesquisa Datafolha divulgada neste s\u00e1bado, 7. J\u00e1 avalia\u00e7\u00e3o dos que consideram o governo da petista ruim e p\u00e9ssimo subiu de 24% em dezembro para atuais 44%, de acordo com o levantamento.<\/p>\n<p class=\"bodytext\">Os resultados v\u00eam em meio \u00e0 combina\u00e7\u00e3o do esc\u00e2ndalo de corrup\u00e7\u00e3o na Petrobras e da piora da economia brasileira. Trata-se da pior marca desde que Dilma chegou ao Planalto e da avalia\u00e7\u00e3o mais baixa de um governo federal desde Fernando Henrique Cardoso em dezembro de 1999 (46% de ruim\/p\u00e9ssimo).<\/p>\n<p class=\"bodytext\">Segundo o Datafolha, 77% dos entrevistados acreditam que Dilma tinha conhecimento da corrup\u00e7\u00e3o na Petrobras. De cada dez entrevistados, seis consideram que a presidente mentiu durante a campanha eleitoral. Para 46%, ela falou mais mentiras que verdades &#8211; desses, 25% se dizem petistas. E, para 14%, Dilma s\u00f3 disse mentiras.<\/p>\n<p class=\"bodytext\">Nota vermelha<br \/>\nDe acordo com o levantamento do Datafolha, Dilma obteve a primeira nota vermelha (4,8) ap\u00f3s quatro anos no governo e uma campanha vitoriosa pela reelei\u00e7\u00e3o.<\/p>\n<p class=\"bodytext\"><img decoding=\"async\" class=\"aligncenter\" src=\"http:\/\/www.sudoestehoje.com.br\/novoportal\/wp-content\/uploads\/2015\/01\/papel-500x185.png\" alt=\"papel\" \/><\/p>\n","protected":false},"excerpt":{"rendered":"<p>A avalia\u00e7\u00e3o \u00f3tima\/boa do governo de Dilma Rousseff caiu de 42% em dezembro para 23% agora. \u00c9 o que mostra pesquisa Datafolha divulgada neste s\u00e1bado, 7. J\u00e1 avalia\u00e7\u00e3o dos que consideram o governo da petista ruim e p\u00e9ssimo subiu de 24% em dezembro para atuais 44%, de acordo com o levantamento. Os resultados v\u00eam em [&hellip;]<\/p>\n","protected":false},"author":2,"featured_media":0,"comment_status":"open","ping_status":"open","sticky":false,"template":"","format":"standard","meta":{"footnotes":"","_links_to":"","_links_to_target":""},"categories":[1],"tags":[],"class_list":["post-46654","post","type-post","status-publish","format-standard","hentry","category-geral"],"views":1214,"_links":{"self":[{"href":"https:\/\/www.sudoestehoje.com.br\/novoportal\/wp-json\/wp\/v2\/posts\/46654","targetHints":{"allow":["GET"]}}],"collection":[{"href":"https:\/\/www.sudoestehoje.com.br\/novoportal\/wp-json\/wp\/v2\/posts"}],"about":[{"href":"https:\/\/www.sudoestehoje.com.br\/novoportal\/wp-json\/wp\/v2\/types\/post"}],"author":[{"embeddable":true,"href":"https:\/\/www.sudoestehoje.com.br\/novoportal\/wp-json\/wp\/v2\/users\/2"}],"replies":[{"embeddable":true,"href":"https:\/\/www.sudoestehoje.com.br\/novoportal\/wp-json\/wp\/v2\/comments?post=46654"}],"version-history":[{"count":2,"href":"https:\/\/www.sudoestehoje.com.br\/novoportal\/wp-json\/wp\/v2\/posts\/46654\/revisions"}],"predecessor-version":[{"id":46657,"href":"https:\/\/www.sudoestehoje.com.br\/novoportal\/wp-json\/wp\/v2\/posts\/46654\/revisions\/46657"}],"wp:attachment":[{"href":"https:\/\/www.sudoestehoje.com.br\/novoportal\/wp-json\/wp\/v2\/media?parent=46654"}],"wp:term":[{"taxonomy":"category","embeddable":true,"href":"https:\/\/www.sudoestehoje.com.br\/novoportal\/wp-json\/wp\/v2\/categories?post=46654"},{"taxonomy":"post_tag","embeddable":true,"href":"https:\/\/www.sudoestehoje.com.br\/novoportal\/wp-json\/wp\/v2\/tags?post=46654"}],"curies":[{"name":"wp","href":"https:\/\/api.w.org\/{rel}","templated":true}]}}