
{"id":46637,"date":"2015-02-06T21:56:07","date_gmt":"2015-02-07T00:56:07","guid":{"rendered":"http:\/\/www.sudoestehoje.com.br\/novoportal\/?p=46637"},"modified":"2015-02-07T21:10:43","modified_gmt":"2015-02-08T00:10:43","slug":"conquista-pcdob-rompe-com-pt-de-guilherme-mas-nao-entrega-cargos","status":"publish","type":"post","link":"https:\/\/www.sudoestehoje.com.br\/novoportal\/2015\/02\/06\/conquista-pcdob-rompe-com-pt-de-guilherme-mas-nao-entrega-cargos\/","title":{"rendered":"CONQUISTA: PCdoB ROMPE COM PT DE GUILHERME MAS N\u00c3O ENTREGA CARGOS"},"content":{"rendered":"<p><a href=\"http:\/\/www.sudoestehoje.com.br\/novoportal\/wp-content\/uploads\/2015\/02\/FALC\u00c3O.jpg\"><img loading=\"lazy\" decoding=\"async\" class=\"aligncenter  wp-image-46638\" src=\"http:\/\/www.sudoestehoje.com.br\/novoportal\/wp-content\/uploads\/2015\/02\/FALC\u00c3O.jpg\" alt=\"FALC\u00c3O\" width=\"501\" height=\"369\" srcset=\"https:\/\/www.sudoestehoje.com.br\/novoportal\/wp-content\/uploads\/2015\/02\/FALC\u00c3O.jpg 380w, https:\/\/www.sudoestehoje.com.br\/novoportal\/wp-content\/uploads\/2015\/02\/FALC\u00c3O-150x110.jpg 150w\" sizes=\"auto, (max-width: 501px) 100vw, 501px\" \/><\/a><\/p>\n<p>Aliados hist\u00f3ricos em Vit\u00f3ria da Conquista &#8211; cidade com o terceiro maior col\u00e9gio eleitoral do estado -, PT e PCdoB podem romper a alian\u00e7a para a elei\u00e7\u00e3o de 2016 \u2013, quando os comunistas pretendem ter candidatura pr\u00f3pria e lan\u00e7ar o deputado estadual Fabr\u00edcio Falc\u00e3o como candidato. \u201cO entendimento \u00e9 protagonizar uma candidatura. O PT est\u00e1 no comando h\u00e1 quase 20 anos e existe um sentimento muito grande de renova\u00e7\u00e3o\u201d, afirmou o presidente do PCdoB na cidade, vereador Andreson Ribeiro, ao j\u00e1 encarnar o esp\u00edrito oposicionista.<\/p>\n<p><img decoding=\"async\" class=\"aligncenter\" src=\"http:\/\/www.sudoestehoje.com.br\/novoportal\/wp-content\/uploads\/2014\/09\/supermoda.png\" alt=\"supermoda\" \/><!--more--><\/p>\n<p>J\u00e1 o presidente do PT, Rudival Maturano demonstrou interesse em manter a alian\u00e7a. \u201cO PCdoB disse que vai ter uma candidatura pr\u00f3pria e que estariam tomando um rumo pr\u00f3prio em 2016, \u00e9 uma decis\u00e3o que precisa ser oficializada. Acho que o presidente do PCdoB falou coisa demais\u201d, alfinetou.<\/p>\n<p>Apesar do an\u00fancio de rompimento, o PCdoB ocupa duas secretarias na gest\u00e3o do prefeito Guilherme Menezes: a pasta de Desenvolvimento Social e Servi\u00e7os P\u00fablicos. A entrega dos cargos, no entanto, ainda n\u00e3o tem data. \u201cVamos entregar os cargos, mas n\u00e3o definimos ainda a data. Quem vai deliberar isso \u00e9 a presid\u00eancia estadual do partido\u201d, afirmou Ribeiro.<\/p>\n<p>Ainda de acordo com ele, o afastamento com o PT seria completo, j\u00e1 que nem o posto de candidato a vice-prefeito o partido est\u00e1 disposto a ceder para o grupo do governador Rui Costa. \u201cA gente compreende que j\u00e1 demos nossa contribui\u00e7\u00e3o. Se o PT, por hip\u00f3tese entender que quer nos apoiar, as portas est\u00e3o abertas. Mas a gente vem dialogando muito com o PRB e sintonizamos muito bem com o Solidariedade\u201d, apontou. Al\u00e9m da candidatura pr\u00f3pria, outro motivo para o rompimento com a sigla dos trabalhadores seria a \u201cidade avan\u00e7ada\u201d do prefeito Guilherme Menezes.<\/p>\n","protected":false},"excerpt":{"rendered":"<p>Aliados hist\u00f3ricos em Vit\u00f3ria da Conquista &#8211; cidade com o terceiro maior col\u00e9gio eleitoral do estado -, PT e PCdoB podem romper a alian\u00e7a para a elei\u00e7\u00e3o de 2016 \u2013, quando os comunistas pretendem ter candidatura pr\u00f3pria e lan\u00e7ar o deputado estadual Fabr\u00edcio Falc\u00e3o como candidato. \u201cO entendimento \u00e9 protagonizar uma candidatura. O PT est\u00e1 [&hellip;]<\/p>\n","protected":false},"author":2,"featured_media":0,"comment_status":"open","ping_status":"open","sticky":false,"template":"","format":"standard","meta":{"footnotes":"","_links_to":"","_links_to_target":""},"categories":[1],"tags":[],"class_list":["post-46637","post","type-post","status-publish","format-standard","hentry","category-geral"],"views":1194,"_links":{"self":[{"href":"https:\/\/www.sudoestehoje.com.br\/novoportal\/wp-json\/wp\/v2\/posts\/46637","targetHints":{"allow":["GET"]}}],"collection":[{"href":"https:\/\/www.sudoestehoje.com.br\/novoportal\/wp-json\/wp\/v2\/posts"}],"about":[{"href":"https:\/\/www.sudoestehoje.com.br\/novoportal\/wp-json\/wp\/v2\/types\/post"}],"author":[{"embeddable":true,"href":"https:\/\/www.sudoestehoje.com.br\/novoportal\/wp-json\/wp\/v2\/users\/2"}],"replies":[{"embeddable":true,"href":"https:\/\/www.sudoestehoje.com.br\/novoportal\/wp-json\/wp\/v2\/comments?post=46637"}],"version-history":[{"count":4,"href":"https:\/\/www.sudoestehoje.com.br\/novoportal\/wp-json\/wp\/v2\/posts\/46637\/revisions"}],"predecessor-version":[{"id":46660,"href":"https:\/\/www.sudoestehoje.com.br\/novoportal\/wp-json\/wp\/v2\/posts\/46637\/revisions\/46660"}],"wp:attachment":[{"href":"https:\/\/www.sudoestehoje.com.br\/novoportal\/wp-json\/wp\/v2\/media?parent=46637"}],"wp:term":[{"taxonomy":"category","embeddable":true,"href":"https:\/\/www.sudoestehoje.com.br\/novoportal\/wp-json\/wp\/v2\/categories?post=46637"},{"taxonomy":"post_tag","embeddable":true,"href":"https:\/\/www.sudoestehoje.com.br\/novoportal\/wp-json\/wp\/v2\/tags?post=46637"}],"curies":[{"name":"wp","href":"https:\/\/api.w.org\/{rel}","templated":true}]}}