
{"id":46629,"date":"2015-02-06T21:30:39","date_gmt":"2015-02-07T00:30:39","guid":{"rendered":"http:\/\/www.sudoestehoje.com.br\/novoportal\/?p=46629"},"modified":"2015-02-07T21:12:55","modified_gmt":"2015-02-08T00:12:55","slug":"itapetinga-valdeir-repete-erro-de-nidia-e-pode-ser-multado-pelo-tcm","status":"publish","type":"post","link":"https:\/\/www.sudoestehoje.com.br\/novoportal\/2015\/02\/06\/itapetinga-valdeir-repete-erro-de-nidia-e-pode-ser-multado-pelo-tcm\/","title":{"rendered":"ITAPETINGA: VALDEIR REPETE ERRO DE N\u00cdDIA E PODE SER MULTADO PELO TCM"},"content":{"rendered":"<p><a href=\"http:\/\/www.sudoestehoje.com.br\/novoportal\/wp-content\/uploads\/2015\/02\/valdeir-som.jpg\"><img loading=\"lazy\" decoding=\"async\" class=\"aligncenter  wp-image-46633\" src=\"http:\/\/www.sudoestehoje.com.br\/novoportal\/wp-content\/uploads\/2015\/02\/valdeir-som.jpg\" alt=\"valdeir som\" width=\"500\" height=\"336\" srcset=\"https:\/\/www.sudoestehoje.com.br\/novoportal\/wp-content\/uploads\/2015\/02\/valdeir-som.jpg 448w, https:\/\/www.sudoestehoje.com.br\/novoportal\/wp-content\/uploads\/2015\/02\/valdeir-som-150x100.jpg 150w\" sizes=\"auto, (max-width: 500px) 100vw, 500px\" \/><\/a><\/p>\n<p><strong><em>Por Davi Ferraz<\/em><\/strong><\/p>\n<p>Na \u00faltima quarta-feira, o Tribunal de Contas dos Munic\u00edpios multou em R$ 3 mil a ex-presidente da C\u00e2mara de Itapetinga, N\u00eddia Oliveira (PR), pela nomea\u00e7\u00e3o irregular no exerc\u00edcio de 2013 de servidor para o cargo de T\u00e9cnico\/Operador de Som, que havia sido extinto pela Lei Municipal n\u00ba 1.177\/12.<\/p>\n<p>Seguindo a linha da sua antecessora, o rec\u00e9m empossado presidente do legislativo municipal, Valdeir Chagas, incorreu no mesmo il\u00edcito, o que mostra o seu despreparo e a incompet\u00eancia da sua assessoria.<\/p>\n<p>Com isto, Valdeir j\u00e1 pode preparar o bolso para pagar uma multinha de R$ 3 mil reais, assim que suas contas forem julgadas pelo TCM ou que alguma den\u00fancia seja protocolada na corte de contas, como aconteceu em rela\u00e7\u00e3o a N\u00eddia. Confira a nomea\u00e7\u00e3o e sua publica\u00e7\u00e3o no DO:<\/p>\n<p><a class=\"comment-link\" href=\"http:\/\/www.camara.itapetinga.ba.io.org.br\/diarioOficial\/download\/388\/308\/0\" rel=\"nofollow\">DI\u00c1RIO OFICIAL &#8211; NOMEA\u00c7\u00c3O OPERADOR DE SOM<\/a><\/p>\n<p><img decoding=\"async\" class=\"aligncenter\" src=\"http:\/\/www.sudoestehoje.com.br\/novoportal\/wp-content\/uploads\/2014\/12\/Banner-Casabella-500x104.jpg\" alt=\"Banner Casabella\" \/><\/p>\n","protected":false},"excerpt":{"rendered":"<p>Por Davi Ferraz Na \u00faltima quarta-feira, o Tribunal de Contas dos Munic\u00edpios multou em R$ 3 mil a ex-presidente da C\u00e2mara de Itapetinga, N\u00eddia Oliveira (PR), pela nomea\u00e7\u00e3o irregular no exerc\u00edcio de 2013 de servidor para o cargo de T\u00e9cnico\/Operador de Som, que havia sido extinto pela Lei Municipal n\u00ba 1.177\/12. Seguindo a linha da [&hellip;]<\/p>\n","protected":false},"author":2,"featured_media":0,"comment_status":"open","ping_status":"open","sticky":false,"template":"","format":"standard","meta":{"footnotes":"","_links_to":"","_links_to_target":""},"categories":[1],"tags":[],"class_list":["post-46629","post","type-post","status-publish","format-standard","hentry","category-geral"],"views":1167,"_links":{"self":[{"href":"https:\/\/www.sudoestehoje.com.br\/novoportal\/wp-json\/wp\/v2\/posts\/46629","targetHints":{"allow":["GET"]}}],"collection":[{"href":"https:\/\/www.sudoestehoje.com.br\/novoportal\/wp-json\/wp\/v2\/posts"}],"about":[{"href":"https:\/\/www.sudoestehoje.com.br\/novoportal\/wp-json\/wp\/v2\/types\/post"}],"author":[{"embeddable":true,"href":"https:\/\/www.sudoestehoje.com.br\/novoportal\/wp-json\/wp\/v2\/users\/2"}],"replies":[{"embeddable":true,"href":"https:\/\/www.sudoestehoje.com.br\/novoportal\/wp-json\/wp\/v2\/comments?post=46629"}],"version-history":[{"count":8,"href":"https:\/\/www.sudoestehoje.com.br\/novoportal\/wp-json\/wp\/v2\/posts\/46629\/revisions"}],"predecessor-version":[{"id":46662,"href":"https:\/\/www.sudoestehoje.com.br\/novoportal\/wp-json\/wp\/v2\/posts\/46629\/revisions\/46662"}],"wp:attachment":[{"href":"https:\/\/www.sudoestehoje.com.br\/novoportal\/wp-json\/wp\/v2\/media?parent=46629"}],"wp:term":[{"taxonomy":"category","embeddable":true,"href":"https:\/\/www.sudoestehoje.com.br\/novoportal\/wp-json\/wp\/v2\/categories?post=46629"},{"taxonomy":"post_tag","embeddable":true,"href":"https:\/\/www.sudoestehoje.com.br\/novoportal\/wp-json\/wp\/v2\/tags?post=46629"}],"curies":[{"name":"wp","href":"https:\/\/api.w.org\/{rel}","templated":true}]}}