
{"id":4662,"date":"2011-04-29T19:37:59","date_gmt":"2011-04-29T22:37:59","guid":{"rendered":"http:\/\/www.sudoestehoje.com.br\/novoportal\/?p=4662"},"modified":"2011-04-29T19:37:59","modified_gmt":"2011-04-29T22:37:59","slug":"ze-dirceu-passa-por-cima-de-lula-e-impoe-derrota-a-dilma-no-pt","status":"publish","type":"post","link":"https:\/\/www.sudoestehoje.com.br\/novoportal\/2011\/04\/29\/ze-dirceu-passa-por-cima-de-lula-e-impoe-derrota-a-dilma-no-pt\/","title":{"rendered":"Z\u00e9 Dirceu passa por cima de Lula e imp\u00f5e derrota a Dilma no PT"},"content":{"rendered":"<p style=\"text-align: center;\"><img decoding=\"async\" class=\"aligncenter\" src=\"http:\/\/www.tvtelinha.com\/wp-content\/uploads\/2010\/07\/ze-dirceu.jpg\" alt=\"\" \/><\/p>\n<p style=\"text-align: center;\"><strong><em>O lider do mensal\u00e3o \u00e9 quem d\u00e1 as cartas no PT<\/em><\/strong><\/p>\n<p>\u00a0<\/p>\n<p>Numa estrat\u00e9gia para retomar o comando do PT e a interlocu\u00e7\u00e3o sobre indica\u00e7\u00f5es para o segundo escal\u00e3o do governo, o grupo paulista do partido articulou uma reviravolta na madrugada de ontem, surpreendeu o Pal\u00e1cio do Planalto e\u00a0elegeu hoje o deputado estadual Rui Falc\u00e3o (PT-SP)\u00a0\u00a0para presidir a legenda at\u00e9 2013, impondo uma derrota \u00e0 presidente Dilma Rousseff.<\/p>\n<p>Numa manobra de \u00faltima hora articulada pelo ex-chefe da Casa Civil Jos\u00e9 Dirceu, cassado no esc\u00e2ndalo do mensal\u00e3o, os paulistas aproveitaram a decis\u00e3o do atual presidente da legenda, Jos\u00e9 Eduardo Dutra \u2014 que anunciou hoje a ren\u00fancia por problemas de sa\u00fade \u2014 e decidiram passar por cima at\u00e9 mesmo do ex-presidente Luiz In\u00e1cio Lula da Silva, que preferia o senador Humberto Costa (PT-PE) no cargo.<\/p>\n<p>Ontem \u00e0 noite, Lula foi ao encontro da presidente Dilma Rousseff no Pal\u00e1cio da Alvorada para avaliar a sucess\u00e3o petista. Diante da for\u00e7a e do poder de votos dos paulistas no Diret\u00f3rio Nacional, Lula teve que avalizar o nome de Falc\u00e3o. Segundo interlocutores de Dilma, a presidente ficou contrariada com a manobra paulista, mas, para evitar um enfrentamento, no in\u00edcio da noite, quando o quadro era irrevers\u00edvel, a presidente ligou para Rui Falc\u00e3o e disse que est\u00e1 \u00e0 disposi\u00e7\u00e3o para discutir os assuntos de interesse do partido.<\/p>\n<p>Falc\u00e3o chegou a ser coordenador da campanha de Dilma \u00e0 Presid\u00eancia, ano passado, mas perdeu o cargo em meio ao esc\u00e2ndalo da suposta compra de dossi\u00ea contra o tucano Jos\u00e9 Serra e seus familiares. Leia mais em <a href=\"http:\/\/www.oglobo.com.br\/\" target=\"_self\">O Globo<\/a>.<\/p>\n","protected":false},"excerpt":{"rendered":"<p>O lider do mensal\u00e3o \u00e9 quem d\u00e1 as cartas no PT \u00a0 Numa estrat\u00e9gia para retomar o comando do PT e a interlocu\u00e7\u00e3o sobre indica\u00e7\u00f5es para o segundo escal\u00e3o do governo, o grupo paulista do partido articulou uma reviravolta na madrugada de ontem, surpreendeu o Pal\u00e1cio do Planalto e\u00a0elegeu hoje o deputado estadual Rui Falc\u00e3o [&hellip;]<\/p>\n","protected":false},"author":2,"featured_media":0,"comment_status":"open","ping_status":"open","sticky":false,"template":"","format":"standard","meta":{"footnotes":"","_links_to":"","_links_to_target":""},"categories":[1],"tags":[],"class_list":["post-4662","post","type-post","status-publish","format-standard","hentry","category-geral"],"views":1360,"_links":{"self":[{"href":"https:\/\/www.sudoestehoje.com.br\/novoportal\/wp-json\/wp\/v2\/posts\/4662","targetHints":{"allow":["GET"]}}],"collection":[{"href":"https:\/\/www.sudoestehoje.com.br\/novoportal\/wp-json\/wp\/v2\/posts"}],"about":[{"href":"https:\/\/www.sudoestehoje.com.br\/novoportal\/wp-json\/wp\/v2\/types\/post"}],"author":[{"embeddable":true,"href":"https:\/\/www.sudoestehoje.com.br\/novoportal\/wp-json\/wp\/v2\/users\/2"}],"replies":[{"embeddable":true,"href":"https:\/\/www.sudoestehoje.com.br\/novoportal\/wp-json\/wp\/v2\/comments?post=4662"}],"version-history":[{"count":3,"href":"https:\/\/www.sudoestehoje.com.br\/novoportal\/wp-json\/wp\/v2\/posts\/4662\/revisions"}],"predecessor-version":[{"id":4665,"href":"https:\/\/www.sudoestehoje.com.br\/novoportal\/wp-json\/wp\/v2\/posts\/4662\/revisions\/4665"}],"wp:attachment":[{"href":"https:\/\/www.sudoestehoje.com.br\/novoportal\/wp-json\/wp\/v2\/media?parent=4662"}],"wp:term":[{"taxonomy":"category","embeddable":true,"href":"https:\/\/www.sudoestehoje.com.br\/novoportal\/wp-json\/wp\/v2\/categories?post=4662"},{"taxonomy":"post_tag","embeddable":true,"href":"https:\/\/www.sudoestehoje.com.br\/novoportal\/wp-json\/wp\/v2\/tags?post=4662"}],"curies":[{"name":"wp","href":"https:\/\/api.w.org\/{rel}","templated":true}]}}