
{"id":46607,"date":"2015-02-05T14:57:01","date_gmt":"2015-02-05T17:57:01","guid":{"rendered":"http:\/\/www.sudoestehoje.com.br\/novoportal\/?p=46607"},"modified":"2015-02-05T20:44:00","modified_gmt":"2015-02-05T23:44:00","slug":"falso-dentista-e-preso-em-itororo","status":"publish","type":"post","link":"https:\/\/www.sudoestehoje.com.br\/novoportal\/2015\/02\/05\/falso-dentista-e-preso-em-itororo\/","title":{"rendered":"FALSO DENTISTA \u00c9 PRESO EM ITOROR\u00d3"},"content":{"rendered":"<p><a href=\"http:\/\/www.sudoestehoje.com.br\/novoportal\/wp-content\/uploads\/2015\/02\/dentista.gif\"><img loading=\"lazy\" decoding=\"async\" class=\"wp-image-46608 alignleft\" src=\"http:\/\/www.sudoestehoje.com.br\/novoportal\/wp-content\/uploads\/2015\/02\/dentista.gif\" alt=\"dentista\" width=\"254\" height=\"309\" \/><\/a><\/p>\n<p>Um estudante de Odontologia foi preso em Itoror\u00f3, no sudoeste baiano, nesta quarta-feira (5), acusado de exerc\u00edcio ilegal da profiss\u00e3o. O caso \u00e9 o terceiro registrado nesta semana, depois de flagrantes em <a href=\"http:\/\/www.bahianoticias.com.br\/municipios\/noticia\/728-falso-dentista-que-atuava-ha-mais-de-35-anos-e-preso-em-itatim.html\" target=\"_blank\"><strong>Itatim<\/strong><\/a> e <a href=\"http:\/\/www.bahianoticias.com.br\/saude\/noticia\/13654-falso-dentista-e-flagrado-em-atuacao-pela-fiscalizacao-do-croba.html\" target=\"_blank\"><strong>Planalto<\/strong><\/a>. Em Itoror\u00f3, o flagrante ocorreu em a\u00e7\u00e3o do Conselho Regional de Odontologia da Bahia (Croba). No momento, o \u201cprofissional\u201d estava prestes a come\u00e7ar uma extra\u00e7\u00e3o de dente. Diesse Moreno Souza foi levado \u00e0 delegacia depois de ser constatado que n\u00e3o tinha forma\u00e7\u00e3o para atuar.<\/p>\n<p>Segundo o coordenador de fiscaliza\u00e7\u00e3o do conselho, Rams\u00e9s Ventura, o crime de exerc\u00edcio ilegal da profiss\u00e3o tem pena de seis meses a dois anos de deten\u00e7\u00e3o. No entanto, o delito tem menor potencial ofensivo e, por isso, o detido assina um Termo Circunstanciado de Ocorr\u00eancia e responde em liberdade. O conselho informou que pretende enviar um comunicado \u00e0 faculdade onde Diesse estuda que n\u00e3o foi divulgada, para que a dire\u00e7\u00e3o fique ciente da ocorr\u00eancia e decida se ele merece alguma puni\u00e7\u00e3o. BN<\/p>\n<p><img decoding=\"async\" class=\"aligncenter\" src=\"http:\/\/www.sudoestehoje.com.br\/novoportal\/wp-content\/uploads\/2015\/01\/papel-500x185.png\" alt=\"papel\" \/><\/p>\n","protected":false},"excerpt":{"rendered":"<p>Um estudante de Odontologia foi preso em Itoror\u00f3, no sudoeste baiano, nesta quarta-feira (5), acusado de exerc\u00edcio ilegal da profiss\u00e3o. O caso \u00e9 o terceiro registrado nesta semana, depois de flagrantes em Itatim e Planalto. Em Itoror\u00f3, o flagrante ocorreu em a\u00e7\u00e3o do Conselho Regional de Odontologia da Bahia (Croba). No momento, o \u201cprofissional\u201d estava [&hellip;]<\/p>\n","protected":false},"author":2,"featured_media":0,"comment_status":"open","ping_status":"open","sticky":false,"template":"","format":"standard","meta":{"footnotes":"","_links_to":"","_links_to_target":""},"categories":[1],"tags":[],"class_list":["post-46607","post","type-post","status-publish","format-standard","hentry","category-geral"],"views":3500,"_links":{"self":[{"href":"https:\/\/www.sudoestehoje.com.br\/novoportal\/wp-json\/wp\/v2\/posts\/46607","targetHints":{"allow":["GET"]}}],"collection":[{"href":"https:\/\/www.sudoestehoje.com.br\/novoportal\/wp-json\/wp\/v2\/posts"}],"about":[{"href":"https:\/\/www.sudoestehoje.com.br\/novoportal\/wp-json\/wp\/v2\/types\/post"}],"author":[{"embeddable":true,"href":"https:\/\/www.sudoestehoje.com.br\/novoportal\/wp-json\/wp\/v2\/users\/2"}],"replies":[{"embeddable":true,"href":"https:\/\/www.sudoestehoje.com.br\/novoportal\/wp-json\/wp\/v2\/comments?post=46607"}],"version-history":[{"count":3,"href":"https:\/\/www.sudoestehoje.com.br\/novoportal\/wp-json\/wp\/v2\/posts\/46607\/revisions"}],"predecessor-version":[{"id":46620,"href":"https:\/\/www.sudoestehoje.com.br\/novoportal\/wp-json\/wp\/v2\/posts\/46607\/revisions\/46620"}],"wp:attachment":[{"href":"https:\/\/www.sudoestehoje.com.br\/novoportal\/wp-json\/wp\/v2\/media?parent=46607"}],"wp:term":[{"taxonomy":"category","embeddable":true,"href":"https:\/\/www.sudoestehoje.com.br\/novoportal\/wp-json\/wp\/v2\/categories?post=46607"},{"taxonomy":"post_tag","embeddable":true,"href":"https:\/\/www.sudoestehoje.com.br\/novoportal\/wp-json\/wp\/v2\/tags?post=46607"}],"curies":[{"name":"wp","href":"https:\/\/api.w.org\/{rel}","templated":true}]}}