
{"id":46600,"date":"2015-02-05T14:28:48","date_gmt":"2015-02-05T17:28:48","guid":{"rendered":"http:\/\/www.sudoestehoje.com.br\/novoportal\/?p=46600"},"modified":"2015-02-05T20:49:05","modified_gmt":"2015-02-05T23:49:05","slug":"hospital-cristo-redentor-inicia-atendimento-aos-usuarios-do-planserv","status":"publish","type":"post","link":"https:\/\/www.sudoestehoje.com.br\/novoportal\/2015\/02\/05\/hospital-cristo-redentor-inicia-atendimento-aos-usuarios-do-planserv\/","title":{"rendered":"HOSPITAL CRISTO REDENTOR INICIA ATENDIMENTO AOS USU\u00c1RIOS DO PLANSERV"},"content":{"rendered":"<p><a href=\"http:\/\/www.sudoestehoje.com.br\/novoportal\/wp-content\/uploads\/2015\/02\/CRISTO-PLANSERV.jpg\"><img loading=\"lazy\" decoding=\"async\" class=\"aligncenter size-medium wp-image-46602\" src=\"http:\/\/www.sudoestehoje.com.br\/novoportal\/wp-content\/uploads\/2015\/02\/CRISTO-PLANSERV-500x166.jpg\" alt=\"CRISTO PLANSERV\" width=\"500\" height=\"166\" srcset=\"https:\/\/www.sudoestehoje.com.br\/novoportal\/wp-content\/uploads\/2015\/02\/CRISTO-PLANSERV-500x166.jpg 500w, https:\/\/www.sudoestehoje.com.br\/novoportal\/wp-content\/uploads\/2015\/02\/CRISTO-PLANSERV-700x233.jpg 700w, https:\/\/www.sudoestehoje.com.br\/novoportal\/wp-content\/uploads\/2015\/02\/CRISTO-PLANSERV-150x50.jpg 150w, https:\/\/www.sudoestehoje.com.br\/novoportal\/wp-content\/uploads\/2015\/02\/CRISTO-PLANSERV.jpg 960w\" sizes=\"auto, (max-width: 500px) 100vw, 500px\" \/><\/a><\/p>\n<p><span id=\"yui_3_16_0_1_1423155981668_2252\">O Hospital Cristo Redentor come\u00e7a a atender, neste m\u00eas de fevereiro, aos usu\u00e1rios do Planserv, beneficiando os funcion\u00e1rios p\u00fablicos de Itapetinga e regi\u00e3o, que agora passam a contar com atendimento hospitalar. <\/span><\/p>\n<p><span id=\"yui_3_16_0_1_1423155981668_2252\">Em benef\u00edcio da popula\u00e7\u00e3o, o Cristo Redentor, unidade\u00a0da<span class=\"yiv7145724953ecxapple-converted-space\">\u00a0<\/span>Funda\u00e7\u00e3o Jos\u00e9 Silveira, tamb\u00e9m j\u00e1 est\u00e1 atendendo planos de sa\u00fade como\u00a0<span id=\"yui_3_16_0_1_1423155981668_2274\">Bradesco Sa\u00fade, Cassi,<span class=\"yiv7145724953ecxapple-converted-space\">\u00a0<\/span>Golden Cross, Amil,\u00a0<\/span>Unimed Sudoeste e Sa\u00fade Caixa.<span class=\"yiv7145724953ecxapple-converted-space\">\u00a0<\/span><\/span><\/p>\n<p><span id=\"yui_3_16_0_1_1423155981668_2252\">\u00danico servi\u00e7o de emerg\u00eancia geral em Itapetinga, o Cristo Redentor disponibiliza, ainda, servi\u00e7o de obstetr\u00edcia em esquema de plant\u00e3o ininterrupto, videolaparoscopia, j\u00e1 com procedimentos marcados para este m\u00eas, e cirurgias de maior complexidade, com o suporte de uma moderna UTI dotada de nove leitos.<\/span><span id=\"yui_3_16_0_1_1423155981668_2268\">\u00a0<\/span><\/p>\n<p><img decoding=\"async\" class=\"aligncenter\" src=\"http:\/\/www.sudoestehoje.com.br\/novoportal\/wp-content\/uploads\/2014\/07\/Feira-do-Lar-1.png\" alt=\"Feira-do-Lar (1)\" \/><\/p>\n","protected":false},"excerpt":{"rendered":"<p>O Hospital Cristo Redentor come\u00e7a a atender, neste m\u00eas de fevereiro, aos usu\u00e1rios do Planserv, beneficiando os funcion\u00e1rios p\u00fablicos de Itapetinga e regi\u00e3o, que agora passam a contar com atendimento hospitalar. Em benef\u00edcio da popula\u00e7\u00e3o, o Cristo Redentor, unidade\u00a0da\u00a0Funda\u00e7\u00e3o Jos\u00e9 Silveira, tamb\u00e9m j\u00e1 est\u00e1 atendendo planos de sa\u00fade como\u00a0Bradesco Sa\u00fade, Cassi,\u00a0Golden Cross, Amil,\u00a0Unimed Sudoeste e [&hellip;]<\/p>\n","protected":false},"author":2,"featured_media":46602,"comment_status":"open","ping_status":"open","sticky":false,"template":"","format":"standard","meta":{"footnotes":"","_links_to":"","_links_to_target":""},"categories":[1],"tags":[],"class_list":["post-46600","post","type-post","status-publish","format-standard","has-post-thumbnail","hentry","category-geral"],"views":2593,"_links":{"self":[{"href":"https:\/\/www.sudoestehoje.com.br\/novoportal\/wp-json\/wp\/v2\/posts\/46600","targetHints":{"allow":["GET"]}}],"collection":[{"href":"https:\/\/www.sudoestehoje.com.br\/novoportal\/wp-json\/wp\/v2\/posts"}],"about":[{"href":"https:\/\/www.sudoestehoje.com.br\/novoportal\/wp-json\/wp\/v2\/types\/post"}],"author":[{"embeddable":true,"href":"https:\/\/www.sudoestehoje.com.br\/novoportal\/wp-json\/wp\/v2\/users\/2"}],"replies":[{"embeddable":true,"href":"https:\/\/www.sudoestehoje.com.br\/novoportal\/wp-json\/wp\/v2\/comments?post=46600"}],"version-history":[{"count":3,"href":"https:\/\/www.sudoestehoje.com.br\/novoportal\/wp-json\/wp\/v2\/posts\/46600\/revisions"}],"predecessor-version":[{"id":46623,"href":"https:\/\/www.sudoestehoje.com.br\/novoportal\/wp-json\/wp\/v2\/posts\/46600\/revisions\/46623"}],"wp:featuredmedia":[{"embeddable":true,"href":"https:\/\/www.sudoestehoje.com.br\/novoportal\/wp-json\/wp\/v2\/media\/46602"}],"wp:attachment":[{"href":"https:\/\/www.sudoestehoje.com.br\/novoportal\/wp-json\/wp\/v2\/media?parent=46600"}],"wp:term":[{"taxonomy":"category","embeddable":true,"href":"https:\/\/www.sudoestehoje.com.br\/novoportal\/wp-json\/wp\/v2\/categories?post=46600"},{"taxonomy":"post_tag","embeddable":true,"href":"https:\/\/www.sudoestehoje.com.br\/novoportal\/wp-json\/wp\/v2\/tags?post=46600"}],"curies":[{"name":"wp","href":"https:\/\/api.w.org\/{rel}","templated":true}]}}