
{"id":46595,"date":"2015-02-05T10:56:59","date_gmt":"2015-02-05T13:56:59","guid":{"rendered":"http:\/\/www.sudoestehoje.com.br\/novoportal\/?p=46595"},"modified":"2015-02-05T20:50:14","modified_gmt":"2015-02-05T23:50:14","slug":"demissoes-na-azaleia-e-resultado-da-inercia-do-governo-diz-sandro-regis","status":"publish","type":"post","link":"https:\/\/www.sudoestehoje.com.br\/novoportal\/2015\/02\/05\/demissoes-na-azaleia-e-resultado-da-inercia-do-governo-diz-sandro-regis\/","title":{"rendered":"DEMISS\u00d5ES NA AZAL\u00c9IA \u00c9 RESULTADO DA IN\u00c9RCIA DO GOVERNO, DIZ SANDRO R\u00c9GIS"},"content":{"rendered":"<p><a href=\"http:\/\/www.sudoestehoje.com.br\/novoportal\/wp-content\/uploads\/2015\/02\/sandroRegis01.jpg\"><img loading=\"lazy\" decoding=\"async\" class=\"aligncenter size-full wp-image-46598\" src=\"http:\/\/www.sudoestehoje.com.br\/novoportal\/wp-content\/uploads\/2015\/02\/sandroRegis01.jpg\" alt=\"sandroRegis01\" width=\"450\" height=\"300\" srcset=\"https:\/\/www.sudoestehoje.com.br\/novoportal\/wp-content\/uploads\/2015\/02\/sandroRegis01.jpg 450w, https:\/\/www.sudoestehoje.com.br\/novoportal\/wp-content\/uploads\/2015\/02\/sandroRegis01-150x100.jpg 150w\" sizes=\"auto, (max-width: 450px) 100vw, 450px\" \/><\/a><\/p>\n<p>As 670 demiss\u00f5es que ocorreram na\u00a0Vulcabr\u00e1s\/Azal\u00e9ia, instalada em Itapetiga, assim como o fechamento de cerca de 10 filiais da f\u00e1brica cal\u00e7adista implantadas na microrregi\u00e3o, \u00e9 resultado da in\u00e9rcia constatada desde o in\u00edcio do governo\u00a0Wagner, que n\u00e3o priorizou e nem conseguiu colocar em pr\u00e1tica pol\u00edticas estrat\u00e9gicas de desenvolvimento sustent\u00e1vel, capaz de incentivar a manuten\u00e7\u00e3o e a atra\u00e7\u00e3o de novos\u00a0investimentos no setor industrial.<\/p>\n<p>Essa \u00e9 a opini\u00e3o do l\u00edder da Oposi\u00e7\u00e3o na AL-Ba, Sandro R\u00e9gis (DEM), que\u00a0reuniu-se com os\u00a0vereadores\u00a0do munic\u00edpio, Fabiano Bahia e Naara Duarte, ambos do DEM, para discutir\u00a0e levantar informa\u00e7\u00f5es sobre a quest\u00e3o. Segundo o vereador, as demiss\u00f5es causaram grande impacto na regi\u00e3o, levando o\u00a0sentimento de inseguran\u00e7a e de abandono entre as fam\u00edlias dos trabalhadores dispensados.<\/p>\n<p>&#8220;A crise foi iniciada em 2012 e o governo n\u00e3o tomou qualquer medida que impedisse esse desfecho&#8221;, disse Sandro R\u00e9gis, observando que a\u00a0recente interfer\u00eancia da Secretaria de Trabalho Emprego e Renda (Setre), que em tese\u00a0contribuiu para a suspens\u00e3o de novas demiss\u00f5es, veio tardia, sobretudo para os 670 demitidos, todos remanescentes das filiais fechadas.<\/p>\n<p>O vereador Fabiano\u00a0Bahia disse que a f\u00e1brica absorvia m\u00e3o-de-obra local &#8211; a maioria qualificada pela pr\u00f3pria empresa &#8211; e que agora muitos desses trabalhadores\u00a0est\u00e3o sendo obrigados a retornar para a zona rural de onde sa\u00edram, por absoluta falta de perspectivas. Ascom<\/p>\n<p><img decoding=\"async\" class=\"aligncenter\" src=\"http:\/\/www.sudoestehoje.com.br\/novoportal\/wp-content\/uploads\/2014\/06\/COOLEITE-PRODUTOS-500x249.jpg\" alt=\"COOLEITE PRODUTOS\" \/><\/p>\n","protected":false},"excerpt":{"rendered":"<p>As 670 demiss\u00f5es que ocorreram na\u00a0Vulcabr\u00e1s\/Azal\u00e9ia, instalada em Itapetiga, assim como o fechamento de cerca de 10 filiais da f\u00e1brica cal\u00e7adista implantadas na microrregi\u00e3o, \u00e9 resultado da in\u00e9rcia constatada desde o in\u00edcio do governo\u00a0Wagner, que n\u00e3o priorizou e nem conseguiu colocar em pr\u00e1tica pol\u00edticas estrat\u00e9gicas de desenvolvimento sustent\u00e1vel, capaz de incentivar a manuten\u00e7\u00e3o e a [&hellip;]<\/p>\n","protected":false},"author":2,"featured_media":0,"comment_status":"open","ping_status":"open","sticky":false,"template":"","format":"standard","meta":{"footnotes":"","_links_to":"","_links_to_target":""},"categories":[1],"tags":[],"class_list":["post-46595","post","type-post","status-publish","format-standard","hentry","category-geral"],"views":1147,"_links":{"self":[{"href":"https:\/\/www.sudoestehoje.com.br\/novoportal\/wp-json\/wp\/v2\/posts\/46595","targetHints":{"allow":["GET"]}}],"collection":[{"href":"https:\/\/www.sudoestehoje.com.br\/novoportal\/wp-json\/wp\/v2\/posts"}],"about":[{"href":"https:\/\/www.sudoestehoje.com.br\/novoportal\/wp-json\/wp\/v2\/types\/post"}],"author":[{"embeddable":true,"href":"https:\/\/www.sudoestehoje.com.br\/novoportal\/wp-json\/wp\/v2\/users\/2"}],"replies":[{"embeddable":true,"href":"https:\/\/www.sudoestehoje.com.br\/novoportal\/wp-json\/wp\/v2\/comments?post=46595"}],"version-history":[{"count":3,"href":"https:\/\/www.sudoestehoje.com.br\/novoportal\/wp-json\/wp\/v2\/posts\/46595\/revisions"}],"predecessor-version":[{"id":46624,"href":"https:\/\/www.sudoestehoje.com.br\/novoportal\/wp-json\/wp\/v2\/posts\/46595\/revisions\/46624"}],"wp:attachment":[{"href":"https:\/\/www.sudoestehoje.com.br\/novoportal\/wp-json\/wp\/v2\/media?parent=46595"}],"wp:term":[{"taxonomy":"category","embeddable":true,"href":"https:\/\/www.sudoestehoje.com.br\/novoportal\/wp-json\/wp\/v2\/categories?post=46595"},{"taxonomy":"post_tag","embeddable":true,"href":"https:\/\/www.sudoestehoje.com.br\/novoportal\/wp-json\/wp\/v2\/tags?post=46595"}],"curies":[{"name":"wp","href":"https:\/\/api.w.org\/{rel}","templated":true}]}}