
{"id":46571,"date":"2015-02-04T15:17:53","date_gmt":"2015-02-04T18:17:53","guid":{"rendered":"http:\/\/www.sudoestehoje.com.br\/novoportal\/?p=46571"},"modified":"2015-02-04T15:31:52","modified_gmt":"2015-02-04T18:31:52","slug":"comecaram-as-demissoes-na-prefeitura","status":"publish","type":"post","link":"https:\/\/www.sudoestehoje.com.br\/novoportal\/2015\/02\/04\/comecaram-as-demissoes-na-prefeitura\/","title":{"rendered":"COME\u00c7ARAM AS DEMISS\u00d5ES NA PREFEITURA"},"content":{"rendered":"<div id=\"attachment_46572\" style=\"width: 510px\" class=\"wp-caption aligncenter\"><a href=\"http:\/\/www.sudoestehoje.com.br\/novoportal\/wp-content\/uploads\/2015\/02\/z\u00e9-o-generoso.jpg\"><img loading=\"lazy\" decoding=\"async\" aria-describedby=\"caption-attachment-46572\" class=\"size-medium wp-image-46572\" src=\"http:\/\/www.sudoestehoje.com.br\/novoportal\/wp-content\/uploads\/2015\/02\/z\u00e9-o-generoso-500x271.jpg\" alt=\"Prefeito de Itapetinga demitiu hoje 150 s servidores lotados na sede da prefeitura, a maioria em seu pr\u00f3prio gabinete.\" width=\"500\" height=\"271\" srcset=\"https:\/\/www.sudoestehoje.com.br\/novoportal\/wp-content\/uploads\/2015\/02\/z\u00e9-o-generoso-500x271.jpg 500w, https:\/\/www.sudoestehoje.com.br\/novoportal\/wp-content\/uploads\/2015\/02\/z\u00e9-o-generoso-150x81.jpg 150w, https:\/\/www.sudoestehoje.com.br\/novoportal\/wp-content\/uploads\/2015\/02\/z\u00e9-o-generoso.jpg 590w\" sizes=\"auto, (max-width: 500px) 100vw, 500px\" \/><\/a><p id=\"caption-attachment-46572\" class=\"wp-caption-text\">Prefeito de Itapetinga demitiu hoje 150 servidores lotados na sede da prefeitura, a maioria em seu pr\u00f3prio gabinete. Estima-se que mais 300 ser\u00e3o demitidos nos pr\u00f3ximos dias.<\/p><\/div>\n<p>ITAPETINGA: Como este blog \u00a0j\u00e1 havia anunciado, o prefeito Z\u00e9 Carlos come\u00e7ou hoje a colocar em pr\u00e1tica o seu plano de demiss\u00e3o em massa, de servidores contratados e nomeados da prefeitura de Itapetinga.<\/p>\n<p>Sem pena nem d\u00f3, o &#8216;generoso&#8217; Z\u00e9 canetou na manh\u00e3 desta quarta-feira, cerca de 150 servidores lotados nos gabinetes do pr\u00e9dio sede da prefeitura, onde exerciam a dura atividade de n\u00e3o fazer nada, a n\u00e3o ser receber os &#8216;justos&#8217; sal\u00e1rios no final de cada m\u00eas.<\/p>\n<p>Segundo uma fonte ligada ao gabinete do prefeito, as demiss\u00f5es continuar\u00e3o durante o decorrer da semana, at\u00e9 completar o n\u00famero estimado em aproximadamente 450 contratados e nomeados, de diversas secretarias e autarquias, que ser\u00e3o colocados no olho da rua. Todos os contratados continuam com dois meses de sal\u00e1rios atrasados,<\/p>\n<p>Para n\u00e3o ouvir &#8216;choradeira&#8217;, o prefeito se isolou e mandou avisar que n\u00e3o recebe ningu\u00e9m em sua casa.<\/p>\n<p><strong><em>Por Davi Ferraz<\/em><\/strong><\/p>\n<p><img decoding=\"async\" class=\"aligncenter\" src=\"http:\/\/www.sudoestehoje.com.br\/novoportal\/wp-content\/uploads\/2014\/09\/supermoda.png\" alt=\"supermoda\" \/><\/p>\n","protected":false},"excerpt":{"rendered":"<p>ITAPETINGA: Como este blog \u00a0j\u00e1 havia anunciado, o prefeito Z\u00e9 Carlos come\u00e7ou hoje a colocar em pr\u00e1tica o seu plano de demiss\u00e3o em massa, de servidores contratados e nomeados da prefeitura de Itapetinga. Sem pena nem d\u00f3, o &#8216;generoso&#8217; Z\u00e9 canetou na manh\u00e3 desta quarta-feira, cerca de 150 servidores lotados nos gabinetes do pr\u00e9dio sede [&hellip;]<\/p>\n","protected":false},"author":2,"featured_media":0,"comment_status":"open","ping_status":"open","sticky":false,"template":"","format":"standard","meta":{"footnotes":"","_links_to":"","_links_to_target":""},"categories":[1],"tags":[],"class_list":["post-46571","post","type-post","status-publish","format-standard","hentry","category-geral"],"views":1145,"_links":{"self":[{"href":"https:\/\/www.sudoestehoje.com.br\/novoportal\/wp-json\/wp\/v2\/posts\/46571","targetHints":{"allow":["GET"]}}],"collection":[{"href":"https:\/\/www.sudoestehoje.com.br\/novoportal\/wp-json\/wp\/v2\/posts"}],"about":[{"href":"https:\/\/www.sudoestehoje.com.br\/novoportal\/wp-json\/wp\/v2\/types\/post"}],"author":[{"embeddable":true,"href":"https:\/\/www.sudoestehoje.com.br\/novoportal\/wp-json\/wp\/v2\/users\/2"}],"replies":[{"embeddable":true,"href":"https:\/\/www.sudoestehoje.com.br\/novoportal\/wp-json\/wp\/v2\/comments?post=46571"}],"version-history":[{"count":5,"href":"https:\/\/www.sudoestehoje.com.br\/novoportal\/wp-json\/wp\/v2\/posts\/46571\/revisions"}],"predecessor-version":[{"id":46579,"href":"https:\/\/www.sudoestehoje.com.br\/novoportal\/wp-json\/wp\/v2\/posts\/46571\/revisions\/46579"}],"wp:attachment":[{"href":"https:\/\/www.sudoestehoje.com.br\/novoportal\/wp-json\/wp\/v2\/media?parent=46571"}],"wp:term":[{"taxonomy":"category","embeddable":true,"href":"https:\/\/www.sudoestehoje.com.br\/novoportal\/wp-json\/wp\/v2\/categories?post=46571"},{"taxonomy":"post_tag","embeddable":true,"href":"https:\/\/www.sudoestehoje.com.br\/novoportal\/wp-json\/wp\/v2\/tags?post=46571"}],"curies":[{"name":"wp","href":"https:\/\/api.w.org\/{rel}","templated":true}]}}