
{"id":46568,"date":"2015-02-04T09:34:50","date_gmt":"2015-02-04T12:34:50","guid":{"rendered":"http:\/\/www.sudoestehoje.com.br\/novoportal\/?p=46568"},"modified":"2015-02-04T15:29:02","modified_gmt":"2015-02-04T18:29:02","slug":"incendio-atinge-sac-de-jequie","status":"publish","type":"post","link":"https:\/\/www.sudoestehoje.com.br\/novoportal\/2015\/02\/04\/incendio-atinge-sac-de-jequie\/","title":{"rendered":"INC\u00caNDIO ATINGE SAC DE JEQUI\u00c9"},"content":{"rendered":"<p><a href=\"http:\/\/www.sudoestehoje.com.br\/novoportal\/wp-content\/uploads\/2015\/02\/SAC-JEQUI\u00c9.jpg\"><img loading=\"lazy\" decoding=\"async\" class=\"aligncenter  wp-image-46569\" src=\"http:\/\/www.sudoestehoje.com.br\/novoportal\/wp-content\/uploads\/2015\/02\/SAC-JEQUI\u00c9.jpg\" alt=\"SAC JEQUI\u00c9\" width=\"499\" height=\"368\" srcset=\"https:\/\/www.sudoestehoje.com.br\/novoportal\/wp-content\/uploads\/2015\/02\/SAC-JEQUI\u00c9.jpg 380w, https:\/\/www.sudoestehoje.com.br\/novoportal\/wp-content\/uploads\/2015\/02\/SAC-JEQUI\u00c9-150x110.jpg 150w\" sizes=\"auto, (max-width: 499px) 100vw, 499px\" \/><\/a><\/p>\n<p>O posto do Servi\u00e7o de Atendimento ao Cidad\u00e3o (SAC), em Jequi\u00e9, sudoeste baiano, sofreu um inc\u00eandio que atingiu a parte interna do estabelecimento na noite desta ter\u00e7a-feira (3). At\u00e9 o momento, conforme informou a Pol\u00edcia, n\u00e3o h\u00e1 informa\u00e7\u00f5es sobre as causas do inc\u00eandio, nem se algu\u00e9m ficou ferido. Momentos depois do come\u00e7o das chamas, o Corpo de Bombeiros foi acionado e controlou o fogo.<\/p>\n<p>O Blog do Marcos Frahm informou que m\u00f3veis do \u00f3rg\u00e3o estadual, divis\u00f3rias, computadores e at\u00e9 documentos foram destru\u00eddos. Na mesma ter\u00e7a, o governador, Rui Costa, anunciou que o SAC M\u00f3vel ser\u00e1 deslocado para a cidade. Al\u00e9m disso, um novo local ser\u00e1 providenciado para ser alugado e servir como posto de atendimento provisoriamente. Nesta quarta-feira (4), o secret\u00e1rio estadual da Administra\u00e7\u00e3o, Edelvino G\u00f3es, junto com uma equipe t\u00e9cnica, deve ir a Jequi\u00e9 para verificar a extens\u00e3o do ocorrido.<\/p>\n<p><img decoding=\"async\" class=\"aligncenter\" src=\"http:\/\/www.sudoestehoje.com.br\/novoportal\/wp-content\/uploads\/2014\/11\/RAMOS-PNEUS-HORIZONTAL-500x332.jpg\" alt=\"RAMOS PNEUS HORIZONTAL\" \/><\/p>\n","protected":false},"excerpt":{"rendered":"<p>O posto do Servi\u00e7o de Atendimento ao Cidad\u00e3o (SAC), em Jequi\u00e9, sudoeste baiano, sofreu um inc\u00eandio que atingiu a parte interna do estabelecimento na noite desta ter\u00e7a-feira (3). At\u00e9 o momento, conforme informou a Pol\u00edcia, n\u00e3o h\u00e1 informa\u00e7\u00f5es sobre as causas do inc\u00eandio, nem se algu\u00e9m ficou ferido. Momentos depois do come\u00e7o das chamas, o [&hellip;]<\/p>\n","protected":false},"author":2,"featured_media":0,"comment_status":"open","ping_status":"open","sticky":false,"template":"","format":"standard","meta":{"footnotes":"","_links_to":"","_links_to_target":""},"categories":[1],"tags":[],"class_list":["post-46568","post","type-post","status-publish","format-standard","hentry","category-geral"],"views":1162,"_links":{"self":[{"href":"https:\/\/www.sudoestehoje.com.br\/novoportal\/wp-json\/wp\/v2\/posts\/46568","targetHints":{"allow":["GET"]}}],"collection":[{"href":"https:\/\/www.sudoestehoje.com.br\/novoportal\/wp-json\/wp\/v2\/posts"}],"about":[{"href":"https:\/\/www.sudoestehoje.com.br\/novoportal\/wp-json\/wp\/v2\/types\/post"}],"author":[{"embeddable":true,"href":"https:\/\/www.sudoestehoje.com.br\/novoportal\/wp-json\/wp\/v2\/users\/2"}],"replies":[{"embeddable":true,"href":"https:\/\/www.sudoestehoje.com.br\/novoportal\/wp-json\/wp\/v2\/comments?post=46568"}],"version-history":[{"count":2,"href":"https:\/\/www.sudoestehoje.com.br\/novoportal\/wp-json\/wp\/v2\/posts\/46568\/revisions"}],"predecessor-version":[{"id":46577,"href":"https:\/\/www.sudoestehoje.com.br\/novoportal\/wp-json\/wp\/v2\/posts\/46568\/revisions\/46577"}],"wp:attachment":[{"href":"https:\/\/www.sudoestehoje.com.br\/novoportal\/wp-json\/wp\/v2\/media?parent=46568"}],"wp:term":[{"taxonomy":"category","embeddable":true,"href":"https:\/\/www.sudoestehoje.com.br\/novoportal\/wp-json\/wp\/v2\/categories?post=46568"},{"taxonomy":"post_tag","embeddable":true,"href":"https:\/\/www.sudoestehoje.com.br\/novoportal\/wp-json\/wp\/v2\/tags?post=46568"}],"curies":[{"name":"wp","href":"https:\/\/api.w.org\/{rel}","templated":true}]}}