
{"id":46533,"date":"2015-02-01T21:09:59","date_gmt":"2015-02-02T00:09:59","guid":{"rendered":"http:\/\/www.sudoestehoje.com.br\/novoportal\/?p=46533"},"modified":"2015-02-03T08:45:04","modified_gmt":"2015-02-03T11:45:04","slug":"camara-elege-eduardo-cunha-para-desespero-de-dilma-e-do-pt","status":"publish","type":"post","link":"https:\/\/www.sudoestehoje.com.br\/novoportal\/2015\/02\/01\/camara-elege-eduardo-cunha-para-desespero-de-dilma-e-do-pt\/","title":{"rendered":"C\u00c2MARA ELEGE EDUARDO CUNHA, PARA DESESPERO DE DILMA E DO PT"},"content":{"rendered":"<p><a href=\"http:\/\/www.sudoestehoje.com.br\/novoportal\/wp-content\/uploads\/2015\/02\/EDUARDO-CUNHA.jpg\"><img loading=\"lazy\" decoding=\"async\" class=\"aligncenter size-medium wp-image-46534\" src=\"http:\/\/www.sudoestehoje.com.br\/novoportal\/wp-content\/uploads\/2015\/02\/EDUARDO-CUNHA-500x281.jpg\" alt=\"EDUARDO CUNHA\" width=\"500\" height=\"281\" srcset=\"https:\/\/www.sudoestehoje.com.br\/novoportal\/wp-content\/uploads\/2015\/02\/EDUARDO-CUNHA-500x281.jpg 500w, https:\/\/www.sudoestehoje.com.br\/novoportal\/wp-content\/uploads\/2015\/02\/EDUARDO-CUNHA-150x84.jpg 150w, https:\/\/www.sudoestehoje.com.br\/novoportal\/wp-content\/uploads\/2015\/02\/EDUARDO-CUNHA.jpg 597w\" sizes=\"auto, (max-width: 500px) 100vw, 500px\" \/><\/a><\/p>\n<p>Eram 18h47 da tarde deste domingo quando o deputado Eduardo Cunha (RJ), um rebelde na governista bancada do PMDB, encerrou seu discurso na tribuna da C\u00e2mara dos Deputados sob o coro de \u201cpresidente\u201d e forte aplauso. \u201cTemos que nos dar o respeito para ser respeitados\u201d, discursou o peemedebista. No fundo do plen\u00e1rio, um grupo de deputados da oposi\u00e7\u00e3o comentava animadamente: \u201cVai ser pior do que o governo pensava\u201d. E foi. Com 267 votos \u2013 dez a mais do que o m\u00ednimo necess\u00e1rio \u2013, Cunha foi eleito presidente da C\u00e2mara, o segundo cargo na sucess\u00e3o da presidente Dilma Rousseff, atr\u00e1s apenas do vice-presidente da Rep\u00fablica.<\/p>\n<p>O resultado surpreendeu o Pal\u00e1cio do Planalto, cuja contabilidade indicava que a disputa terminaria em segundo turno, quando seu candidato, Arlindo Chinaglia (PT-SP), poderia virar o jogo. O petista teve o apoio de 136 deputados, J\u00falio Delgado (PSB-MG) que recebeu 100 votos, e\u00a0Chico Alencar, do Psol, teve 8 votos. Houve 2 votos em branco.<\/p>\n<p>Al\u00e9m de n\u00e3o ter conseguido emplacar Chinaglia, o principal partido de sustenta\u00e7\u00e3o do governo Dilma terminou a elei\u00e7\u00e3o sem nenhum cargo na Mesa Diretora da Casa. Na tentativa de angariar votos em favor de Chinaglia, os petistas abriram m\u00e3o de lan\u00e7ar candidatos para os postos administrativos da C\u00e2mara. A sigla\u00a0teria direito a indicar nomes para a 2\u00aa vice-presid\u00eancia, que cuida, por exemplo, do ressarcimento de despesas m\u00e9dicas de parlamentares, e a\u00a0para 2\u00aa secretaria, respons\u00e1vel pelos passaportes diplom\u00e1ticos dos deputados.<\/p>\n<p><img decoding=\"async\" class=\"aligncenter\" src=\"http:\/\/www.sudoestehoje.com.br\/novoportal\/wp-content\/uploads\/2015\/01\/skala-2015-500x166.jpg\" alt=\"skala 2015\" \/><\/p>\n<p><!--more--><\/p>\n<p>Com uma campanha feita boca a boca, recheada de promessas corporativistas e insuflada pelo discurso de independ\u00eancia do Pal\u00e1cio do Planalto, Cunha procurou um a um os parlamentares e cortejou na v\u00e9spera da elei\u00e7\u00e3o os 198 novatos que desembarcaram em Bras\u00edlia. Segundo aliados, n\u00e3o dormiu de s\u00e1bado para domingo \u2013 mas n\u00e3o se trata de ansiedade, e sim de telefonemas e conversas que vararam a madrugada. Ap\u00f3s a vit\u00f3ria, houve queima de fogos na frente do Congresso. \u201cEm nenhum momento falamos que ser\u00edamos oposi\u00e7\u00e3o e n\u00e3o seremos. O governo sempre ter\u00e1 legitimidade, mas houve uma tentativa de inger\u00eancia do Poder Executivo e o Parlamento soube reagir. N\u00e3o temos que fazer disso uma batalha nem qualquer tipo de sequela\u201d, afirmou, depois de eleito.<\/p>\n<p>Cunha passou toda a vota\u00e7\u00e3o diante das cabines onde os congressistas depositavam seus votos. Al\u00e9m de agradecer nominalmente a cada potencial eleitor, pedia abertamente o voto dos deputados. \u201cAqui n\u00e3o tem lei que pro\u00edba a boca de urna\u201d, dizia. Foi comparado pelos pr\u00f3prios correligion\u00e1rios a um vereador em campanha.\u200b<\/p>\n<p>Um dos mais h\u00e1beis negociadores pol\u00edticos em atividade do Congresso Nacional, Cunha est\u00e1 no quarto mandato e liderou at\u00e9 a v\u00e9spera a poderosa bancada do PMDB. Com \u00f3timo tr\u00e2nsito no chamado \u201cbaixo clero\u201d da Casa \u2013 deputados sem grande express\u00e3o \u2013, ele capitaneou uma s\u00e9rie de rebeli\u00f5es na base governista durante o primeiro mandato dada a capacidade de aglutinar for\u00e7as independentemente da colora\u00e7\u00e3o partid\u00e1ria. N\u00e3o \u00e9 exagero afirmar que nenhum projeto relevante foi aprovado no primeiro mandato de Dilma sem que ele estivesse na mesa de negocia\u00e7\u00e3o. Agora, seu cacife cresce ainda mais.<\/p>\n<p>E por que o cargo de presidente da C\u00e2mara \u00e9 t\u00e3o relevante neste momento? A partir desta segunda-feira, ser\u00e1 Eduardo Cunha quem ter\u00e1 a prerrogativa de pautar os projetos que ser\u00e3o votados na Casa num ano em que o governo precisar\u00e1 desesperadamente aprovar, por exemplo, o pacote de medidas econ\u00f4micas. Tamb\u00e9m ser\u00e1 ele quem poder\u00e1 acelerar ou barrar textos que tratam das reformas pol\u00edtica ou fiscal, chancelar a abertura de CPIs e at\u00e9 a instaura\u00e7\u00e3o de processos de cassa\u00e7\u00e3o de mandatos. Num cen\u00e1rio extremo, ser\u00e1 ele o articulador \u2013 ou n\u00e3o \u2013 de um pedido de impeachment da presidente Dilma Rousseff.<\/p>\n<p>O discurso de independ\u00eancia do Legislativo ganhou tanta for\u00e7a nos minutos que antecederam a vota\u00e7\u00e3o que o pr\u00f3prio candidato oficial tentou pegar carona. \u201cO erro de imaginar que a C\u00e2mara possa ser um poder subordinado \u00e9 n\u00e3o perceber que\u00a0\u00e9 a C\u00e2mara que decide as leis, que decide a regra.\u00a0\u00c9 a C\u00e2mara que decide aquilo que\u00a0os outros poderes podem ou n\u00e3o fazer\u201d, discursou Chinaglia.\u00a0Mas era tarde. \u00c0s 20h30, Eduardo Cunha seria eleito e encerrava a mais acirrada elei\u00e7\u00e3o na C\u00e2mara desde a madrugada de 2005 na qual\u00a0o pernambucano Severino Cavalcanti (PP) derrotou o PT. Nos dois casos, as vit\u00f3rias foram turbinadas pelo baixo clero. A diferen\u00e7a, por\u00e9m, \u00e9 que Severino nunca teve a pretens\u00e3o de peitar o governo.\u200b<\/p>\n<div id=\"fb-recomendar-artigo\"><\/div>\n","protected":false},"excerpt":{"rendered":"<p>Eram 18h47 da tarde deste domingo quando o deputado Eduardo Cunha (RJ), um rebelde na governista bancada do PMDB, encerrou seu discurso na tribuna da C\u00e2mara dos Deputados sob o coro de \u201cpresidente\u201d e forte aplauso. \u201cTemos que nos dar o respeito para ser respeitados\u201d, discursou o peemedebista. No fundo do plen\u00e1rio, um grupo de [&hellip;]<\/p>\n","protected":false},"author":2,"featured_media":0,"comment_status":"open","ping_status":"open","sticky":false,"template":"","format":"standard","meta":{"footnotes":"","_links_to":"","_links_to_target":""},"categories":[1],"tags":[],"class_list":["post-46533","post","type-post","status-publish","format-standard","hentry","category-geral"],"views":1265,"_links":{"self":[{"href":"https:\/\/www.sudoestehoje.com.br\/novoportal\/wp-json\/wp\/v2\/posts\/46533","targetHints":{"allow":["GET"]}}],"collection":[{"href":"https:\/\/www.sudoestehoje.com.br\/novoportal\/wp-json\/wp\/v2\/posts"}],"about":[{"href":"https:\/\/www.sudoestehoje.com.br\/novoportal\/wp-json\/wp\/v2\/types\/post"}],"author":[{"embeddable":true,"href":"https:\/\/www.sudoestehoje.com.br\/novoportal\/wp-json\/wp\/v2\/users\/2"}],"replies":[{"embeddable":true,"href":"https:\/\/www.sudoestehoje.com.br\/novoportal\/wp-json\/wp\/v2\/comments?post=46533"}],"version-history":[{"count":2,"href":"https:\/\/www.sudoestehoje.com.br\/novoportal\/wp-json\/wp\/v2\/posts\/46533\/revisions"}],"predecessor-version":[{"id":46541,"href":"https:\/\/www.sudoestehoje.com.br\/novoportal\/wp-json\/wp\/v2\/posts\/46533\/revisions\/46541"}],"wp:attachment":[{"href":"https:\/\/www.sudoestehoje.com.br\/novoportal\/wp-json\/wp\/v2\/media?parent=46533"}],"wp:term":[{"taxonomy":"category","embeddable":true,"href":"https:\/\/www.sudoestehoje.com.br\/novoportal\/wp-json\/wp\/v2\/categories?post=46533"},{"taxonomy":"post_tag","embeddable":true,"href":"https:\/\/www.sudoestehoje.com.br\/novoportal\/wp-json\/wp\/v2\/tags?post=46533"}],"curies":[{"name":"wp","href":"https:\/\/api.w.org\/{rel}","templated":true}]}}