
{"id":46509,"date":"2015-02-01T13:52:31","date_gmt":"2015-02-01T16:52:31","guid":{"rendered":"http:\/\/www.sudoestehoje.com.br\/novoportal\/?p=46509"},"modified":"2015-02-03T08:47:33","modified_gmt":"2015-02-03T11:47:33","slug":"itororo-morre-em-conquista-a-agente-de-endemias-gabriela-ferraz","status":"publish","type":"post","link":"https:\/\/www.sudoestehoje.com.br\/novoportal\/2015\/02\/01\/itororo-morre-em-conquista-a-agente-de-endemias-gabriela-ferraz\/","title":{"rendered":"ITOROR\u00d3: MORRE EM CONQUISTA A AGENTE DE ENDEMIAS GABRIELA FERRAZ"},"content":{"rendered":"<p><a href=\"http:\/\/www.sudoestehoje.com.br\/novoportal\/wp-content\/uploads\/2015\/02\/GABI-FERRAZ.jpg\"><img loading=\"lazy\" decoding=\"async\" class=\"aligncenter  wp-image-46512\" src=\"http:\/\/www.sudoestehoje.com.br\/novoportal\/wp-content\/uploads\/2015\/02\/GABI-FERRAZ.jpg\" alt=\"GABI FERRAZ\" width=\"500\" height=\"500\" srcset=\"https:\/\/www.sudoestehoje.com.br\/novoportal\/wp-content\/uploads\/2015\/02\/GABI-FERRAZ.jpg 300w, https:\/\/www.sudoestehoje.com.br\/novoportal\/wp-content\/uploads\/2015\/02\/GABI-FERRAZ-150x150.jpg 150w\" sizes=\"auto, (max-width: 500px) 100vw, 500px\" \/><\/a><\/p>\n<p>Faleceu, na madrugada desta sexta-feira, em Vit\u00f3ria da Conquista, a agente de endemias itororoense Gabriela Santos Moreira Ferraz, de 28 anos, conhecida como \u201cGaby\u201d, que estava internada na UTI no Hospital de Base, com avan\u00e7ado quadro de diabetes.<\/p>\n<p>Gaby descobriu ser portadora de diabetes meses atr\u00e1s, quando iniciou o tratamento com medicamentos e reeduca\u00e7\u00e3o alimentar. Por\u00e9m, nos \u00faltimos meses, vinha sofrendo com o fato de sua glicemia \u00a0nunca ficar num grau favor\u00e1vel, se mantendo sempre acima do permitido.<\/p>\n<p>A jovem acabou tendo uma crise muito forte e foi levada para o Hospital de Base de Vit\u00f3ria da Conquista, onde ficou em coma induzido , mas acabou n\u00e3o resistindo.<\/p>\n<p>O corpo de Gaby est\u00e1 sendo velado na Capela do Hospital S\u00e3o Vicente de Paulo em Vit\u00f3ria da Conquista, cidade onde ser\u00e1 enterrada na manh\u00e3 desta segunda-feira (02). Informa\u00e7\u00f5es do<em>\u00a0Itoror\u00f3 J\u00e1<\/em><\/p>\n<p><img decoding=\"async\" class=\"aligncenter\" src=\"http:\/\/www.sudoestehoje.com.br\/novoportal\/wp-content\/uploads\/2014\/09\/supermoda.png\" alt=\"supermoda\" \/><\/p>\n","protected":false},"excerpt":{"rendered":"<p>Faleceu, na madrugada desta sexta-feira, em Vit\u00f3ria da Conquista, a agente de endemias itororoense Gabriela Santos Moreira Ferraz, de 28 anos, conhecida como \u201cGaby\u201d, que estava internada na UTI no Hospital de Base, com avan\u00e7ado quadro de diabetes. Gaby descobriu ser portadora de diabetes meses atr\u00e1s, quando iniciou o tratamento com medicamentos e reeduca\u00e7\u00e3o alimentar. [&hellip;]<\/p>\n","protected":false},"author":2,"featured_media":0,"comment_status":"open","ping_status":"open","sticky":false,"template":"","format":"standard","meta":{"footnotes":"","_links_to":"","_links_to_target":""},"categories":[1],"tags":[],"class_list":["post-46509","post","type-post","status-publish","format-standard","hentry","category-geral"],"views":1822,"_links":{"self":[{"href":"https:\/\/www.sudoestehoje.com.br\/novoportal\/wp-json\/wp\/v2\/posts\/46509","targetHints":{"allow":["GET"]}}],"collection":[{"href":"https:\/\/www.sudoestehoje.com.br\/novoportal\/wp-json\/wp\/v2\/posts"}],"about":[{"href":"https:\/\/www.sudoestehoje.com.br\/novoportal\/wp-json\/wp\/v2\/types\/post"}],"author":[{"embeddable":true,"href":"https:\/\/www.sudoestehoje.com.br\/novoportal\/wp-json\/wp\/v2\/users\/2"}],"replies":[{"embeddable":true,"href":"https:\/\/www.sudoestehoje.com.br\/novoportal\/wp-json\/wp\/v2\/comments?post=46509"}],"version-history":[{"count":5,"href":"https:\/\/www.sudoestehoje.com.br\/novoportal\/wp-json\/wp\/v2\/posts\/46509\/revisions"}],"predecessor-version":[{"id":46543,"href":"https:\/\/www.sudoestehoje.com.br\/novoportal\/wp-json\/wp\/v2\/posts\/46509\/revisions\/46543"}],"wp:attachment":[{"href":"https:\/\/www.sudoestehoje.com.br\/novoportal\/wp-json\/wp\/v2\/media?parent=46509"}],"wp:term":[{"taxonomy":"category","embeddable":true,"href":"https:\/\/www.sudoestehoje.com.br\/novoportal\/wp-json\/wp\/v2\/categories?post=46509"},{"taxonomy":"post_tag","embeddable":true,"href":"https:\/\/www.sudoestehoje.com.br\/novoportal\/wp-json\/wp\/v2\/tags?post=46509"}],"curies":[{"name":"wp","href":"https:\/\/api.w.org\/{rel}","templated":true}]}}