
{"id":46499,"date":"2015-01-31T18:59:04","date_gmt":"2015-01-31T21:59:04","guid":{"rendered":"http:\/\/www.sudoestehoje.com.br\/novoportal\/?p=46499"},"modified":"2015-02-03T08:50:13","modified_gmt":"2015-02-03T11:50:13","slug":"itapetinga-heraldo-rocha-culpa-governo-por-mais-demissoes-na-azaleia","status":"publish","type":"post","link":"https:\/\/www.sudoestehoje.com.br\/novoportal\/2015\/01\/31\/itapetinga-heraldo-rocha-culpa-governo-por-mais-demissoes-na-azaleia\/","title":{"rendered":"ITAPETINGA: HERALDO ROCHA CULPA GOVERNO POR MAIS DEMISS\u00d5ES NA AZAL\u00c9IA"},"content":{"rendered":"<p><a href=\"http:\/\/www.sudoestehoje.com.br\/novoportal\/wp-content\/uploads\/2015\/01\/heraldo-na-azaleia.jpg\"><img loading=\"lazy\" decoding=\"async\" class=\"wp-image-46501 alignleft\" src=\"http:\/\/www.sudoestehoje.com.br\/novoportal\/wp-content\/uploads\/2015\/01\/heraldo-na-azaleia-500x682.jpg\" alt=\"heraldo-na-azaleia\" width=\"218\" height=\"298\" srcset=\"https:\/\/www.sudoestehoje.com.br\/novoportal\/wp-content\/uploads\/2015\/01\/heraldo-na-azaleia-500x682.jpg 500w, https:\/\/www.sudoestehoje.com.br\/novoportal\/wp-content\/uploads\/2015\/01\/heraldo-na-azaleia-659x900.jpg 659w, https:\/\/www.sudoestehoje.com.br\/novoportal\/wp-content\/uploads\/2015\/01\/heraldo-na-azaleia-109x150.jpg 109w, https:\/\/www.sudoestehoje.com.br\/novoportal\/wp-content\/uploads\/2015\/01\/heraldo-na-azaleia.jpg 703w\" sizes=\"auto, (max-width: 218px) 100vw, 218px\" \/><\/a><\/p>\n<p>O ex-deputado estadual Heraldo Rocha lamentou a demiss\u00e3o de mais 680 trabalhadores da f\u00e1brica da Vulcabr\u00e1s\/Azaleia de Itapetinga, no centro-sul do Estado, e culpou a aus\u00eancia da gest\u00e3o estadual no processo. <em>\u201cO que fez o governo para evitar mais essa demiss\u00e3o em massa? Antes esse p\u00f3lo cal\u00e7adista empregava 25 mil pessoas de 12 munic\u00edpios da regi\u00e3o. Agora n\u00e3o chegam a 4 mil. O que fez o governo? E as prefeituras que eram aliadas ao governador Jaques Wagner e agora apoiam o governador Rui Costa, o que fizeram? S\u00e3o todos omissos. Trata-se de uma trag\u00e9dia anunciada. Eles foram fechando as unidades da regi\u00e3o, uma a uma, e gerando as demiss\u00f5es, na maioria de jovens em seus primeiros empregos. Imagina a frustra\u00e7\u00e3o?\u201d<\/em>, desabafou o l\u00edder democrata, que j\u00e1 em 2011 se queixava da falta de aten\u00e7\u00e3o do governo ao problema, como foi noticiado no Pol\u00edtica Livre. <a href=\"http:\/\/www.politicalivre.com.br\/2011\/12\/heraldo-rocha-cobra-solucao-de-wagner-para-desempregados-da-azaleia\/\" target=\"_blank\">CONFIRA MAT\u00c9RIA<\/a><\/p>\n<p><img decoding=\"async\" class=\"aligncenter\" src=\"http:\/\/www.sudoestehoje.com.br\/novoportal\/wp-content\/uploads\/2014\/11\/RAMOS-PNEUS-HORIZONTAL-500x332.jpg\" alt=\"RAMOS PNEUS HORIZONTAL\" \/><\/p>\n","protected":false},"excerpt":{"rendered":"<p>O ex-deputado estadual Heraldo Rocha lamentou a demiss\u00e3o de mais 680 trabalhadores da f\u00e1brica da Vulcabr\u00e1s\/Azaleia de Itapetinga, no centro-sul do Estado, e culpou a aus\u00eancia da gest\u00e3o estadual no processo. \u201cO que fez o governo para evitar mais essa demiss\u00e3o em massa? Antes esse p\u00f3lo cal\u00e7adista empregava 25 mil pessoas de 12 munic\u00edpios da [&hellip;]<\/p>\n","protected":false},"author":2,"featured_media":0,"comment_status":"open","ping_status":"open","sticky":false,"template":"","format":"standard","meta":{"footnotes":"","_links_to":"","_links_to_target":""},"categories":[1],"tags":[],"class_list":["post-46499","post","type-post","status-publish","format-standard","hentry","category-geral"],"views":1845,"_links":{"self":[{"href":"https:\/\/www.sudoestehoje.com.br\/novoportal\/wp-json\/wp\/v2\/posts\/46499","targetHints":{"allow":["GET"]}}],"collection":[{"href":"https:\/\/www.sudoestehoje.com.br\/novoportal\/wp-json\/wp\/v2\/posts"}],"about":[{"href":"https:\/\/www.sudoestehoje.com.br\/novoportal\/wp-json\/wp\/v2\/types\/post"}],"author":[{"embeddable":true,"href":"https:\/\/www.sudoestehoje.com.br\/novoportal\/wp-json\/wp\/v2\/users\/2"}],"replies":[{"embeddable":true,"href":"https:\/\/www.sudoestehoje.com.br\/novoportal\/wp-json\/wp\/v2\/comments?post=46499"}],"version-history":[{"count":4,"href":"https:\/\/www.sudoestehoje.com.br\/novoportal\/wp-json\/wp\/v2\/posts\/46499\/revisions"}],"predecessor-version":[{"id":46545,"href":"https:\/\/www.sudoestehoje.com.br\/novoportal\/wp-json\/wp\/v2\/posts\/46499\/revisions\/46545"}],"wp:attachment":[{"href":"https:\/\/www.sudoestehoje.com.br\/novoportal\/wp-json\/wp\/v2\/media?parent=46499"}],"wp:term":[{"taxonomy":"category","embeddable":true,"href":"https:\/\/www.sudoestehoje.com.br\/novoportal\/wp-json\/wp\/v2\/categories?post=46499"},{"taxonomy":"post_tag","embeddable":true,"href":"https:\/\/www.sudoestehoje.com.br\/novoportal\/wp-json\/wp\/v2\/tags?post=46499"}],"curies":[{"name":"wp","href":"https:\/\/api.w.org\/{rel}","templated":true}]}}