
{"id":46490,"date":"2015-01-31T14:50:56","date_gmt":"2015-01-31T17:50:56","guid":{"rendered":"http:\/\/www.sudoestehoje.com.br\/novoportal\/?p=46490"},"modified":"2015-02-03T08:54:06","modified_gmt":"2015-02-03T11:54:06","slug":"responsabilidade-pelo-aterro-sanitario-nao-e-da-vita-ambiental","status":"publish","type":"post","link":"https:\/\/www.sudoestehoje.com.br\/novoportal\/2015\/01\/31\/responsabilidade-pelo-aterro-sanitario-nao-e-da-vita-ambiental\/","title":{"rendered":"RESPONSABILIDADE PELO ATERRO SANIT\u00c1RIO N\u00c3O \u00c9 DA VITA AMBIENTAL"},"content":{"rendered":"<div id=\"attachment_46491\" style=\"width: 510px\" class=\"wp-caption aligncenter\"><a href=\"http:\/\/www.sudoestehoje.com.br\/novoportal\/wp-content\/uploads\/2015\/01\/aterro-3.jpg\"><img loading=\"lazy\" decoding=\"async\" aria-describedby=\"caption-attachment-46491\" class=\"size-medium wp-image-46491\" src=\"http:\/\/www.sudoestehoje.com.br\/novoportal\/wp-content\/uploads\/2015\/01\/aterro-3-500x331.jpg\" alt=\"Abandonado pela prefeitura, o Aterro Sanit\u00e1rio de Itapetinga se transformou em um enorme lix\u00e3o\" width=\"500\" height=\"331\" srcset=\"https:\/\/www.sudoestehoje.com.br\/novoportal\/wp-content\/uploads\/2015\/01\/aterro-3-500x331.jpg 500w, https:\/\/www.sudoestehoje.com.br\/novoportal\/wp-content\/uploads\/2015\/01\/aterro-3-700x463.jpg 700w, https:\/\/www.sudoestehoje.com.br\/novoportal\/wp-content\/uploads\/2015\/01\/aterro-3-150x99.jpg 150w, https:\/\/www.sudoestehoje.com.br\/novoportal\/wp-content\/uploads\/2015\/01\/aterro-3.jpg 1024w\" sizes=\"auto, (max-width: 500px) 100vw, 500px\" \/><\/a><p id=\"caption-attachment-46491\" class=\"wp-caption-text\">Abandonado pela prefeitura, o Aterro Sanit\u00e1rio de Itapetinga se transformou em um enorme lix\u00e3o, infestado de urubus.<\/p><\/div>\n<p>Neste momento em que se discute a precariedade do Aterro Sanit\u00e1rio de Itapetinga e os efeitos desastrosos do seu abandono sobre o meio ambiente e, consequentemente, sobre a vida da popula\u00e7\u00e3o, \u00e9 preciso separar o&#8217; joio do trigo&#8217;, para esclarecer a quem cabe, de fato, a responsabilidade sobre o aterro.<\/p>\n<p>A VITA AMBIENTAL, empresa concession\u00e1ria da coleta de lixo em Itapetinga, n\u00e3o tem qualquer responsabilidade sobre os problemas ocorridos no aterro. O papel da empresa \u00e9 somente fazer o recolhimento dos res\u00edduos e sua deposi\u00e7\u00e3o, sem nenhuma \u00a0responsabilidade sobre o gerenciamento desses res\u00edduos, ap\u00f3s sua deposi\u00e7\u00e3o, pois n\u00e3o gerencia o aterro. A gest\u00e3o do Aterro Sanit\u00e1rio \u00e9 \u00fanica e exclusiva do munic\u00edpio e n\u00e3o cabe a VITA nenhuma responsabilidade sobre quaisquer problemas que ocorram no mesmo.<\/p>\n<p><span data-reactid=\".25.$mid=11422631909685=2f03de2f6c603b3c273.2:0.0.0.0.0.0.$end:0:$6:0\">Como empresa cidad\u00e3, consciente das suas\u00a0 responsabilidades pela preserva\u00e7\u00e3o do meio ambiente e a vida, a Vita Ambiental tem manifestado preocupa\u00e7\u00e3o pela atual situa\u00e7\u00e3o que encontra-se o Aterro Sanit\u00e1rio de Itapetinga. A exala\u00e7\u00e3o de gases t\u00f3xicos por conta da combust\u00e3o volunt\u00e1ria, n\u00e3o s\u00f3 contamina o meio ambiente como tamb\u00e9m prejudica, por serem cancer\u00edgenos, diretamente \u00e0 sa\u00fade dos empregados da Vita e catadores que atuam diariamente no local.<\/span><\/p>\n<p>A responsabilidade com o meio ambiente \u00e9 de todos, mas faz-se necess\u00e1rio que os gestores atuem com rapidez para sanar o problema e que as a\u00e7\u00f5es para resolver a situa\u00e7\u00e3o sejam t\u00e9cnicas e n\u00e3o amadoras e paliativas como o simples fato de jogar \u00e1gua sobre o lixo. Se o munic\u00edpio n\u00e3o tem pessoal competente para resolver a situa\u00e7\u00e3o, que procure aux\u00edlio em \u00f3rg\u00e3os capacitados.<\/p>\n<p>O problema do fogo que queima internamente no aterro \u00e9 mais grave do que se imagina, podendo gerar consequ\u00eancias irrevers\u00edveis \u00e0 sa\u00fade da popula\u00e7\u00e3o. Se a prefeitura de Itapetinga n\u00e3o age para resolver a quest\u00e3o, cabe ao Minist\u00e9rio P\u00fablico e ao INEMA, intervirem.<\/p>\n<p><strong><em>Por Davi Ferraz\u00a0<\/em><\/strong><\/p>\n<p><img decoding=\"async\" class=\"aligncenter\" src=\"http:\/\/www.sudoestehoje.com.br\/novoportal\/wp-content\/uploads\/2014\/12\/Banner-Casabella-500x104.jpg\" alt=\"Banner Casabella\" \/><\/p>\n","protected":false},"excerpt":{"rendered":"<p>Neste momento em que se discute a precariedade do Aterro Sanit\u00e1rio de Itapetinga e os efeitos desastrosos do seu abandono sobre o meio ambiente e, consequentemente, sobre a vida da popula\u00e7\u00e3o, \u00e9 preciso separar o&#8217; joio do trigo&#8217;, para esclarecer a quem cabe, de fato, a responsabilidade sobre o aterro. A VITA AMBIENTAL, empresa concession\u00e1ria [&hellip;]<\/p>\n","protected":false},"author":2,"featured_media":0,"comment_status":"open","ping_status":"open","sticky":false,"template":"","format":"standard","meta":{"footnotes":"","_links_to":"","_links_to_target":""},"categories":[1],"tags":[],"class_list":["post-46490","post","type-post","status-publish","format-standard","hentry","category-geral"],"views":3887,"_links":{"self":[{"href":"https:\/\/www.sudoestehoje.com.br\/novoportal\/wp-json\/wp\/v2\/posts\/46490","targetHints":{"allow":["GET"]}}],"collection":[{"href":"https:\/\/www.sudoestehoje.com.br\/novoportal\/wp-json\/wp\/v2\/posts"}],"about":[{"href":"https:\/\/www.sudoestehoje.com.br\/novoportal\/wp-json\/wp\/v2\/types\/post"}],"author":[{"embeddable":true,"href":"https:\/\/www.sudoestehoje.com.br\/novoportal\/wp-json\/wp\/v2\/users\/2"}],"replies":[{"embeddable":true,"href":"https:\/\/www.sudoestehoje.com.br\/novoportal\/wp-json\/wp\/v2\/comments?post=46490"}],"version-history":[{"count":3,"href":"https:\/\/www.sudoestehoje.com.br\/novoportal\/wp-json\/wp\/v2\/posts\/46490\/revisions"}],"predecessor-version":[{"id":46547,"href":"https:\/\/www.sudoestehoje.com.br\/novoportal\/wp-json\/wp\/v2\/posts\/46490\/revisions\/46547"}],"wp:attachment":[{"href":"https:\/\/www.sudoestehoje.com.br\/novoportal\/wp-json\/wp\/v2\/media?parent=46490"}],"wp:term":[{"taxonomy":"category","embeddable":true,"href":"https:\/\/www.sudoestehoje.com.br\/novoportal\/wp-json\/wp\/v2\/categories?post=46490"},{"taxonomy":"post_tag","embeddable":true,"href":"https:\/\/www.sudoestehoje.com.br\/novoportal\/wp-json\/wp\/v2\/tags?post=46490"}],"curies":[{"name":"wp","href":"https:\/\/api.w.org\/{rel}","templated":true}]}}