
{"id":46457,"date":"2015-01-29T20:02:01","date_gmt":"2015-01-29T23:02:01","guid":{"rendered":"http:\/\/www.sudoestehoje.com.br\/novoportal\/?p=46457"},"modified":"2015-01-29T20:11:11","modified_gmt":"2015-01-29T23:11:11","slug":"cervero-promete-processar-quem-fizer-mascara-com-seu-rosto-no-carnaval","status":"publish","type":"post","link":"https:\/\/www.sudoestehoje.com.br\/novoportal\/2015\/01\/29\/cervero-promete-processar-quem-fizer-mascara-com-seu-rosto-no-carnaval\/","title":{"rendered":"CERVER\u00d3 PROMETE PROCESSAR QUEM FIZER M\u00c1SCARA COM SEU ROSTO NO CARNAVAL"},"content":{"rendered":"<p><a href=\"http:\/\/www.sudoestehoje.com.br\/novoportal\/wp-content\/uploads\/2015\/01\/CHARGE-CERVER\u00d3.jpg\"><img loading=\"lazy\" decoding=\"async\" class=\"aligncenter size-full wp-image-46459\" src=\"http:\/\/www.sudoestehoje.com.br\/novoportal\/wp-content\/uploads\/2015\/01\/CHARGE-CERVER\u00d3.jpg\" alt=\"CHARGE CERVER\u00d3\" width=\"470\" height=\"282\" srcset=\"https:\/\/www.sudoestehoje.com.br\/novoportal\/wp-content\/uploads\/2015\/01\/CHARGE-CERVER\u00d3.jpg 470w, https:\/\/www.sudoestehoje.com.br\/novoportal\/wp-content\/uploads\/2015\/01\/CHARGE-CERVER\u00d3-150x90.jpg 150w\" sizes=\"auto, (max-width: 470px) 100vw, 470px\" \/><\/a><\/p>\n<p>Para quem pensa que j\u00e1 viu de tudo, essa surpreendeu! O ex-diretor da\u00a0 \u00c1rea Internacional da Petrobras, Nestor Cerver\u00f3, afirmou que vai processar quem fizer m\u00e1scaras com o rosto dele para o Carnaval deste ano. Segundo o jornal O Globo, o advogado Edson Ribeiro passou a agir assim que surgiu a especula\u00e7\u00e3o de que haveria m\u00e1scaras de Cerver\u00f3. &#8220;Se algu\u00e9m fizer isso, vou processar. Voc\u00ea tem o direito \u00e0 imagem, tem o dano moral. Se algu\u00e9m fizer, vou localizar quem fez&#8221;, disse Ribeiro.<\/p>\n<p>Para problemas, a Condol, f\u00e1brica mais conhecida por produzir m\u00e1scaras, informou que desistiu de reproduzir o rosto de Cerver\u00f3. A dona, Olga Valle, afirmou que, al\u00e9m de o carnaval estar muito pr\u00f3ximo, os pedidos pelas m\u00e1scaras do ex-diretor da Petrobras n\u00e3o eram tantos como se esperava. A ideia \u00e9 produzir m\u00e1scaras da presidente da Petrobras, Gra\u00e7a Foster.<\/p>\n<p><img decoding=\"async\" class=\"aligncenter\" src=\"http:\/\/www.sudoestehoje.com.br\/novoportal\/wp-content\/uploads\/2014\/11\/Logomarca-HB-Sementes-500x134.jpg\" alt=\"Logomarca HB Sementes\" \/><\/p>\n","protected":false},"excerpt":{"rendered":"<p>Para quem pensa que j\u00e1 viu de tudo, essa surpreendeu! O ex-diretor da\u00a0 \u00c1rea Internacional da Petrobras, Nestor Cerver\u00f3, afirmou que vai processar quem fizer m\u00e1scaras com o rosto dele para o Carnaval deste ano. Segundo o jornal O Globo, o advogado Edson Ribeiro passou a agir assim que surgiu a especula\u00e7\u00e3o de que haveria [&hellip;]<\/p>\n","protected":false},"author":2,"featured_media":0,"comment_status":"open","ping_status":"open","sticky":false,"template":"","format":"standard","meta":{"footnotes":"","_links_to":"","_links_to_target":""},"categories":[1],"tags":[],"class_list":["post-46457","post","type-post","status-publish","format-standard","hentry","category-geral"],"views":2936,"_links":{"self":[{"href":"https:\/\/www.sudoestehoje.com.br\/novoportal\/wp-json\/wp\/v2\/posts\/46457","targetHints":{"allow":["GET"]}}],"collection":[{"href":"https:\/\/www.sudoestehoje.com.br\/novoportal\/wp-json\/wp\/v2\/posts"}],"about":[{"href":"https:\/\/www.sudoestehoje.com.br\/novoportal\/wp-json\/wp\/v2\/types\/post"}],"author":[{"embeddable":true,"href":"https:\/\/www.sudoestehoje.com.br\/novoportal\/wp-json\/wp\/v2\/users\/2"}],"replies":[{"embeddable":true,"href":"https:\/\/www.sudoestehoje.com.br\/novoportal\/wp-json\/wp\/v2\/comments?post=46457"}],"version-history":[{"count":4,"href":"https:\/\/www.sudoestehoje.com.br\/novoportal\/wp-json\/wp\/v2\/posts\/46457\/revisions"}],"predecessor-version":[{"id":46462,"href":"https:\/\/www.sudoestehoje.com.br\/novoportal\/wp-json\/wp\/v2\/posts\/46457\/revisions\/46462"}],"wp:attachment":[{"href":"https:\/\/www.sudoestehoje.com.br\/novoportal\/wp-json\/wp\/v2\/media?parent=46457"}],"wp:term":[{"taxonomy":"category","embeddable":true,"href":"https:\/\/www.sudoestehoje.com.br\/novoportal\/wp-json\/wp\/v2\/categories?post=46457"},{"taxonomy":"post_tag","embeddable":true,"href":"https:\/\/www.sudoestehoje.com.br\/novoportal\/wp-json\/wp\/v2\/tags?post=46457"}],"curies":[{"name":"wp","href":"https:\/\/api.w.org\/{rel}","templated":true}]}}