
{"id":46450,"date":"2015-01-29T19:43:52","date_gmt":"2015-01-29T22:43:52","guid":{"rendered":"http:\/\/www.sudoestehoje.com.br\/novoportal\/?p=46450"},"modified":"2015-01-29T20:12:33","modified_gmt":"2015-01-29T23:12:33","slug":"secretario-recua-e-diz-que-dires-serao-mantidas-como-bases-operacionais","status":"publish","type":"post","link":"https:\/\/www.sudoestehoje.com.br\/novoportal\/2015\/01\/29\/secretario-recua-e-diz-que-dires-serao-mantidas-como-bases-operacionais\/","title":{"rendered":"SECRET\u00c1RIO RECUA E DIZ QUE DIRES SER\u00c3O MANTIDAS COMO &#8220;BASES OPERACIONAIS&#8221;"},"content":{"rendered":"<p><a href=\"http:\/\/www.sudoestehoje.com.br\/novoportal\/wp-content\/uploads\/2015\/01\/SEC-SA\u00daDE.jpg\"><img loading=\"lazy\" decoding=\"async\" class=\"aligncenter size-full wp-image-46455\" src=\"http:\/\/www.sudoestehoje.com.br\/novoportal\/wp-content\/uploads\/2015\/01\/SEC-SA\u00daDE.jpg\" alt=\"SEC SA\u00daDE\" width=\"500\" height=\"306\" srcset=\"https:\/\/www.sudoestehoje.com.br\/novoportal\/wp-content\/uploads\/2015\/01\/SEC-SA\u00daDE.jpg 500w, https:\/\/www.sudoestehoje.com.br\/novoportal\/wp-content\/uploads\/2015\/01\/SEC-SA\u00daDE-150x91.jpg 150w\" sizes=\"auto, (max-width: 500px) 100vw, 500px\" \/><\/a><\/p>\n<p>A cria\u00e7\u00e3o de nove N\u00facleos Regionais de Sa\u00fade (NRS) em substitui\u00e7\u00e3o as 31 Diretorias Regionais de Sa\u00fade (Dires) foi um dos temas debatidos na 216\u00aa Reuni\u00e3o Ordin\u00e1ria do Conselho Estadual de Sa\u00fade (CES) nesta quinta-feira (29). O encontro aconteceu no audit\u00f3rio da Secretaria de Infraestrutura (Seinfra). O secret\u00e1rio da Sa\u00fade F\u00e1bio Vilas-Boas foi empossado como representante do Estado no conselho.<\/p>\n<p>Durante o evento, Vilas-Boas informou que as estruturas f\u00edsicas ocupadas pelas antigas Dires ser\u00e3o mantidas como bases operacionais do sistema. <em>&#8220;Ao inv\u00e9s de termos apenas 31 pontos de apoio em um estado t\u00e3o grande como o nosso, queremos empoderar os 417 munic\u00edpios para que cumpram seu papel constitucional, que \u00e9 cuidar da vigil\u00e2ncia e aten\u00e7\u00e3o a sa\u00fade. Nesse sentido, os nove N\u00facleos que substituem as Dires ir\u00e3o concentrar as a\u00e7\u00f5es de coordena\u00e7\u00e3o, planejamento e supervis\u00e3o ao inv\u00e9s de sobrepor ou inibir as iniciativas municipais&#8221;<\/em>, disse o secret\u00e1rio. Ele tamb\u00e9m garantiu que os profissionais que forem considerados essenciais ser\u00e3o realocados mediante acordo pr\u00e9vio.<\/p>\n<p><img decoding=\"async\" class=\"aligncenter\" src=\"http:\/\/www.sudoestehoje.com.br\/novoportal\/wp-content\/uploads\/2014\/12\/skala-novo.jpg\" alt=\"skala novo\" \/><\/p>\n","protected":false},"excerpt":{"rendered":"<p>A cria\u00e7\u00e3o de nove N\u00facleos Regionais de Sa\u00fade (NRS) em substitui\u00e7\u00e3o as 31 Diretorias Regionais de Sa\u00fade (Dires) foi um dos temas debatidos na 216\u00aa Reuni\u00e3o Ordin\u00e1ria do Conselho Estadual de Sa\u00fade (CES) nesta quinta-feira (29). O encontro aconteceu no audit\u00f3rio da Secretaria de Infraestrutura (Seinfra). O secret\u00e1rio da Sa\u00fade F\u00e1bio Vilas-Boas foi empossado como [&hellip;]<\/p>\n","protected":false},"author":2,"featured_media":0,"comment_status":"open","ping_status":"open","sticky":false,"template":"","format":"standard","meta":{"footnotes":"","_links_to":"","_links_to_target":""},"categories":[1],"tags":[],"class_list":["post-46450","post","type-post","status-publish","format-standard","hentry","category-geral"],"views":1432,"_links":{"self":[{"href":"https:\/\/www.sudoestehoje.com.br\/novoportal\/wp-json\/wp\/v2\/posts\/46450","targetHints":{"allow":["GET"]}}],"collection":[{"href":"https:\/\/www.sudoestehoje.com.br\/novoportal\/wp-json\/wp\/v2\/posts"}],"about":[{"href":"https:\/\/www.sudoestehoje.com.br\/novoportal\/wp-json\/wp\/v2\/types\/post"}],"author":[{"embeddable":true,"href":"https:\/\/www.sudoestehoje.com.br\/novoportal\/wp-json\/wp\/v2\/users\/2"}],"replies":[{"embeddable":true,"href":"https:\/\/www.sudoestehoje.com.br\/novoportal\/wp-json\/wp\/v2\/comments?post=46450"}],"version-history":[{"count":4,"href":"https:\/\/www.sudoestehoje.com.br\/novoportal\/wp-json\/wp\/v2\/posts\/46450\/revisions"}],"predecessor-version":[{"id":46463,"href":"https:\/\/www.sudoestehoje.com.br\/novoportal\/wp-json\/wp\/v2\/posts\/46450\/revisions\/46463"}],"wp:attachment":[{"href":"https:\/\/www.sudoestehoje.com.br\/novoportal\/wp-json\/wp\/v2\/media?parent=46450"}],"wp:term":[{"taxonomy":"category","embeddable":true,"href":"https:\/\/www.sudoestehoje.com.br\/novoportal\/wp-json\/wp\/v2\/categories?post=46450"},{"taxonomy":"post_tag","embeddable":true,"href":"https:\/\/www.sudoestehoje.com.br\/novoportal\/wp-json\/wp\/v2\/tags?post=46450"}],"curies":[{"name":"wp","href":"https:\/\/api.w.org\/{rel}","templated":true}]}}