
{"id":46438,"date":"2015-01-29T19:20:04","date_gmt":"2015-01-29T22:20:04","guid":{"rendered":"http:\/\/www.sudoestehoje.com.br\/novoportal\/?p=46438"},"modified":"2015-01-29T19:22:52","modified_gmt":"2015-01-29T22:22:52","slug":"solla-diz-que-governo-recuou-em-relacao-ao-fechamento-das-dires","status":"publish","type":"post","link":"https:\/\/www.sudoestehoje.com.br\/novoportal\/2015\/01\/29\/solla-diz-que-governo-recuou-em-relacao-ao-fechamento-das-dires\/","title":{"rendered":"SOLLA DIZ QUE GOVERNO &#8220;RECUOU&#8221; EM RELA\u00c7\u00c3O AO FECHAMENTO DAS DIRES"},"content":{"rendered":"<p><a href=\"http:\/\/www.sudoestehoje.com.br\/novoportal\/wp-content\/uploads\/2015\/01\/solla-1.jpg\"><img loading=\"lazy\" decoding=\"async\" class=\"aligncenter  wp-image-46439\" src=\"http:\/\/www.sudoestehoje.com.br\/novoportal\/wp-content\/uploads\/2015\/01\/solla-1.jpg\" alt=\"solla (1)\" width=\"500\" height=\"353\" srcset=\"https:\/\/www.sudoestehoje.com.br\/novoportal\/wp-content\/uploads\/2015\/01\/solla-1.jpg 302w, https:\/\/www.sudoestehoje.com.br\/novoportal\/wp-content\/uploads\/2015\/01\/solla-1-150x105.jpg 150w\" sizes=\"auto, (max-width: 500px) 100vw, 500px\" \/><\/a><\/p>\n<p>O ex-secret\u00e1rio de Sa\u00fade e deputado federal eleito Jorge Solla (PT) enviou uma mensagem via SMS para pessoas ligadas \u00e0 \u00e1rea e afirma que o governo teria &#8220;recuado&#8221; e ir\u00e1 criar as Bases Regionais de Sa\u00fade aonde funcionavam as Diretorias Regionais de Sa\u00fade (Dires), al\u00e9m de manter as equipes t\u00e9cnicas de vigil\u00e2ncia, imuniza\u00e7\u00e3o, controle de endemias, laborat\u00f3rios e assist\u00eancia farmac\u00eautica.<\/p>\n<p>Escrito em primeira pessoa, o texto diz que \u201cconseguimos mostrar que as DIRES n\u00e3o eram \u2018escrit\u00f3rios burocr\u00e1ticos\u2019 e que Vigil\u00e2ncia a Sa\u00fade n\u00e3o \u00e9 \u2018cuidar de papel\u2019.\u201d A mensagem \u00e9 acompanhada com uma nota t\u00e9cnica da Sesab que confirmaria as afirma\u00e7\u00f5es (<a href=\"http:\/\/www.bahianoticias.com.br\/ckfinder\/userfiles\/files\/Solla.pdf\" target=\"_blank\">veja aqui<\/a>).<\/p>\n<p><img decoding=\"async\" class=\"aligncenter\" src=\"http:\/\/www.sudoestehoje.com.br\/novoportal\/wp-content\/uploads\/2015\/01\/skala-2015-500x166.jpg\" alt=\"skala 2015\" \/><!--more--><\/p>\n<p>Em contato com o Bahia Not\u00edcias, o parlamentar disse que a nova articula\u00e7\u00e3o dos servidores das Dires foi fruto de diversas reuni\u00f5es com parte do secretariado e o pr\u00f3prio Rui Costa (PT), em que eles foram capazes de demonstrar que o diagn\u00f3stico feito sobre a Dires era equivocado. \u201cN\u00e3o haveria redu\u00e7\u00e3o de despesas. Se deixassem de funcionar as 223 estruturas ir\u00edamos pagar mais em quest\u00e3o de di\u00e1rias de servidores. Diferente do que foi apontado, s\u00e3o equipes t\u00e9cnicas de vigil\u00e2ncia \u00e0 sa\u00fade e n\u00e3o administrativas e burocr\u00e1ticas\u201d, defendeu Solla.<\/p>\n<p>De acordo com ele, \u201cn\u00e3o \u00e9 por acaso\u201d que a Bahia n\u00e3o tem casos de sarampo e raiva desde 2007, por exemplo. \u201cA reforma administrativa extinguiu as 31 Dires e manteve nove n\u00facleos de sa\u00fade. As 22 Dires extintas funcionar\u00e3o subordinadas a esses n\u00facleos e isso n\u00e3o vai interferir na reforma. Deixaram apenas de existir os cargos de dire\u00e7\u00e3o\u201d, esclareceu Solla.<\/p>\n","protected":false},"excerpt":{"rendered":"<p>O ex-secret\u00e1rio de Sa\u00fade e deputado federal eleito Jorge Solla (PT) enviou uma mensagem via SMS para pessoas ligadas \u00e0 \u00e1rea e afirma que o governo teria &#8220;recuado&#8221; e ir\u00e1 criar as Bases Regionais de Sa\u00fade aonde funcionavam as Diretorias Regionais de Sa\u00fade (Dires), al\u00e9m de manter as equipes t\u00e9cnicas de vigil\u00e2ncia, imuniza\u00e7\u00e3o, controle de [&hellip;]<\/p>\n","protected":false},"author":2,"featured_media":0,"comment_status":"open","ping_status":"open","sticky":false,"template":"","format":"standard","meta":{"footnotes":"","_links_to":"","_links_to_target":""},"categories":[1],"tags":[],"class_list":["post-46438","post","type-post","status-publish","format-standard","hentry","category-geral"],"views":1478,"_links":{"self":[{"href":"https:\/\/www.sudoestehoje.com.br\/novoportal\/wp-json\/wp\/v2\/posts\/46438","targetHints":{"allow":["GET"]}}],"collection":[{"href":"https:\/\/www.sudoestehoje.com.br\/novoportal\/wp-json\/wp\/v2\/posts"}],"about":[{"href":"https:\/\/www.sudoestehoje.com.br\/novoportal\/wp-json\/wp\/v2\/types\/post"}],"author":[{"embeddable":true,"href":"https:\/\/www.sudoestehoje.com.br\/novoportal\/wp-json\/wp\/v2\/users\/2"}],"replies":[{"embeddable":true,"href":"https:\/\/www.sudoestehoje.com.br\/novoportal\/wp-json\/wp\/v2\/comments?post=46438"}],"version-history":[{"count":3,"href":"https:\/\/www.sudoestehoje.com.br\/novoportal\/wp-json\/wp\/v2\/posts\/46438\/revisions"}],"predecessor-version":[{"id":46442,"href":"https:\/\/www.sudoestehoje.com.br\/novoportal\/wp-json\/wp\/v2\/posts\/46438\/revisions\/46442"}],"wp:attachment":[{"href":"https:\/\/www.sudoestehoje.com.br\/novoportal\/wp-json\/wp\/v2\/media?parent=46438"}],"wp:term":[{"taxonomy":"category","embeddable":true,"href":"https:\/\/www.sudoestehoje.com.br\/novoportal\/wp-json\/wp\/v2\/categories?post=46438"},{"taxonomy":"post_tag","embeddable":true,"href":"https:\/\/www.sudoestehoje.com.br\/novoportal\/wp-json\/wp\/v2\/tags?post=46438"}],"curies":[{"name":"wp","href":"https:\/\/api.w.org\/{rel}","templated":true}]}}