
{"id":46416,"date":"2015-01-28T19:44:42","date_gmt":"2015-01-28T22:44:42","guid":{"rendered":"http:\/\/www.sudoestehoje.com.br\/novoportal\/?p=46416"},"modified":"2015-01-29T19:29:41","modified_gmt":"2015-01-29T22:29:41","slug":"empresarios-do-sul-visitam-o-galpao-da-azaleia-em-itarantim","status":"publish","type":"post","link":"https:\/\/www.sudoestehoje.com.br\/novoportal\/2015\/01\/28\/empresarios-do-sul-visitam-o-galpao-da-azaleia-em-itarantim\/","title":{"rendered":"EMPRES\u00c1RIOS DO SUL VISITAM GALP\u00c3O DA AZAL\u00c9IA EM ITARANTIM"},"content":{"rendered":"<p><a href=\"http:\/\/www.sudoestehoje.com.br\/novoportal\/wp-content\/uploads\/2015\/01\/aza-itarantim.jpg\"><img loading=\"lazy\" decoding=\"async\" class=\"aligncenter size-medium wp-image-46417\" src=\"http:\/\/www.sudoestehoje.com.br\/novoportal\/wp-content\/uploads\/2015\/01\/aza-itarantim-500x356.jpg\" alt=\"aza itarantim\" width=\"500\" height=\"356\" srcset=\"https:\/\/www.sudoestehoje.com.br\/novoportal\/wp-content\/uploads\/2015\/01\/aza-itarantim-500x356.jpg 500w, https:\/\/www.sudoestehoje.com.br\/novoportal\/wp-content\/uploads\/2015\/01\/aza-itarantim-700x499.jpg 700w, https:\/\/www.sudoestehoje.com.br\/novoportal\/wp-content\/uploads\/2015\/01\/aza-itarantim-150x107.jpg 150w, https:\/\/www.sudoestehoje.com.br\/novoportal\/wp-content\/uploads\/2015\/01\/aza-itarantim.jpg 1258w\" sizes=\"auto, (max-width: 500px) 100vw, 500px\" \/><\/a><\/p>\n<p>Nesta ter\u00e7a-feira, o prefeito de Itarantim, Dr. Paulo Fernandes, recebeu a visita de empres\u00e1rios do Rio Grande do Sul, propriet\u00e1rios da Ala Cal\u00e7ados e Suzana Santos Cal\u00e7ados, que pretendem instalar uma nova ind\u00fastria no munic\u00edpio, no antigo galp\u00e3o da Azal\u00e9ia, desativado no final de 2012.<\/p>\n<p>O entusiasmo do prefeito Paulo Fernandes foi muito grande, pois desde que assumiu o seu mandato em 2013, vem lutando com todas as suas for\u00e7as para conseguir uma nova ind\u00fastria para Itarantim, que foi uma das cidades mais penalizadas com o fechamento da antiga filial da Azal\u00e9ia.<\/p>\n<p><a href=\"http:\/\/www.sudoestehoje.com.br\/novoportal\/wp-content\/uploads\/2015\/01\/aza-itarantim-2.jpg\"><img loading=\"lazy\" decoding=\"async\" class=\"aligncenter size-medium wp-image-46418\" src=\"http:\/\/www.sudoestehoje.com.br\/novoportal\/wp-content\/uploads\/2015\/01\/aza-itarantim-2-500x334.jpg\" alt=\"aza itarantim 2\" width=\"500\" height=\"334\" srcset=\"https:\/\/www.sudoestehoje.com.br\/novoportal\/wp-content\/uploads\/2015\/01\/aza-itarantim-2-500x334.jpg 500w, https:\/\/www.sudoestehoje.com.br\/novoportal\/wp-content\/uploads\/2015\/01\/aza-itarantim-2-700x468.jpg 700w, https:\/\/www.sudoestehoje.com.br\/novoportal\/wp-content\/uploads\/2015\/01\/aza-itarantim-2-150x100.jpg 150w, https:\/\/www.sudoestehoje.com.br\/novoportal\/wp-content\/uploads\/2015\/01\/aza-itarantim-2.jpg 1280w\" sizes=\"auto, (max-width: 500px) 100vw, 500px\" \/><\/a><\/p>\n<p>Segunda a assessoria do prefeito, os empres\u00e1rios ficaram extremamente satisfeitos com o estado de conserva\u00e7\u00e3o do galp\u00e3o e com a excelente estrutura da cidade, fatores que devem contribuir para a instala\u00e7\u00e3o da nova ind\u00fastria, que poder\u00e1 gerar centenas de empregos para a popula\u00e7\u00e3o do munic\u00edpio, a m\u00e9dio prazo.<\/p>\n<p>Paulo Fernandes vem contando com o apoio integral do governo do estado, atrav\u00e9s do senador Otto Alencar e do deputado Jos\u00e9 Carlos Ara\u00fajo.<\/p>\n<p><strong><em>Por Davi Ferraz\u00a0<\/em><\/strong><\/p>\n<p><img decoding=\"async\" class=\"aligncenter\" src=\"http:\/\/www.sudoestehoje.com.br\/novoportal\/wp-content\/uploads\/2014\/11\/RAMOS-PNEUS-HORIZONTAL-500x332.jpg\" alt=\"RAMOS PNEUS HORIZONTAL\" \/><\/p>\n","protected":false},"excerpt":{"rendered":"<p>Nesta ter\u00e7a-feira, o prefeito de Itarantim, Dr. Paulo Fernandes, recebeu a visita de empres\u00e1rios do Rio Grande do Sul, propriet\u00e1rios da Ala Cal\u00e7ados e Suzana Santos Cal\u00e7ados, que pretendem instalar uma nova ind\u00fastria no munic\u00edpio, no antigo galp\u00e3o da Azal\u00e9ia, desativado no final de 2012. O entusiasmo do prefeito Paulo Fernandes foi muito grande, pois [&hellip;]<\/p>\n","protected":false},"author":2,"featured_media":0,"comment_status":"open","ping_status":"open","sticky":false,"template":"","format":"standard","meta":{"footnotes":"","_links_to":"","_links_to_target":""},"categories":[1],"tags":[],"class_list":["post-46416","post","type-post","status-publish","format-standard","hentry","category-geral"],"views":2796,"_links":{"self":[{"href":"https:\/\/www.sudoestehoje.com.br\/novoportal\/wp-json\/wp\/v2\/posts\/46416","targetHints":{"allow":["GET"]}}],"collection":[{"href":"https:\/\/www.sudoestehoje.com.br\/novoportal\/wp-json\/wp\/v2\/posts"}],"about":[{"href":"https:\/\/www.sudoestehoje.com.br\/novoportal\/wp-json\/wp\/v2\/types\/post"}],"author":[{"embeddable":true,"href":"https:\/\/www.sudoestehoje.com.br\/novoportal\/wp-json\/wp\/v2\/users\/2"}],"replies":[{"embeddable":true,"href":"https:\/\/www.sudoestehoje.com.br\/novoportal\/wp-json\/wp\/v2\/comments?post=46416"}],"version-history":[{"count":7,"href":"https:\/\/www.sudoestehoje.com.br\/novoportal\/wp-json\/wp\/v2\/posts\/46416\/revisions"}],"predecessor-version":[{"id":46447,"href":"https:\/\/www.sudoestehoje.com.br\/novoportal\/wp-json\/wp\/v2\/posts\/46416\/revisions\/46447"}],"wp:attachment":[{"href":"https:\/\/www.sudoestehoje.com.br\/novoportal\/wp-json\/wp\/v2\/media?parent=46416"}],"wp:term":[{"taxonomy":"category","embeddable":true,"href":"https:\/\/www.sudoestehoje.com.br\/novoportal\/wp-json\/wp\/v2\/categories?post=46416"},{"taxonomy":"post_tag","embeddable":true,"href":"https:\/\/www.sudoestehoje.com.br\/novoportal\/wp-json\/wp\/v2\/tags?post=46416"}],"curies":[{"name":"wp","href":"https:\/\/api.w.org\/{rel}","templated":true}]}}