
{"id":46413,"date":"2015-01-28T14:21:52","date_gmt":"2015-01-28T17:21:52","guid":{"rendered":"http:\/\/www.sudoestehoje.com.br\/novoportal\/?p=46413"},"modified":"2015-01-29T19:31:17","modified_gmt":"2015-01-29T22:31:17","slug":"eleicao-sindical-da-azaleia-reelege-chapa-1-do-sindicato-de-verdade","status":"publish","type":"post","link":"https:\/\/www.sudoestehoje.com.br\/novoportal\/2015\/01\/28\/eleicao-sindical-da-azaleia-reelege-chapa-1-do-sindicato-de-verdade\/","title":{"rendered":"ELEI\u00c7\u00c3O SINDICAL DA AZAL\u00c9IA REELEGE CHAPA 1 DO SINDICATO DE VERDADE"},"content":{"rendered":"<div><a href=\"http:\/\/3.bp.blogspot.com\/-_SYcnXp7GEM\/VMjLodziCkI\/AAAAAAABKgs\/0Oqc2fevlZM\/s1600\/james%2Ba.JPG\"><img loading=\"lazy\" decoding=\"async\" class=\"aligncenter\" src=\"http:\/\/3.bp.blogspot.com\/-_SYcnXp7GEM\/VMjLodziCkI\/AAAAAAABKgs\/0Oqc2fevlZM\/s1600\/james%2Ba.JPG\" alt=\"\" width=\"500\" height=\"339\" border=\"0\" \/><\/a><\/div>\n<div>Depois de tr\u00eas dias de vota\u00e7\u00e3o, a elei\u00e7\u00e3o sindical dos funcion\u00e1rios da Vulcabras\/Azaleia encerrou por volta do meio dia desta quarta-feira (28), com a vit\u00f3ria da Chapa 1, reeleita para mais um bi\u00eanio \u00e0 frente do Sindicato de Verdade, que continuar\u00e1 sob a presid\u00eancia de James Santos Alves, ligado \u00e0 CUT. Estamos aguardando informa\u00e7\u00f5es da Junta Apuradora, para divulgar os n\u00fameros da elei\u00e7\u00e3o.<\/div>\n<div><img decoding=\"async\" class=\"aligncenter\" src=\"http:\/\/www.sudoestehoje.com.br\/novoportal\/wp-content\/uploads\/2014\/09\/supermoda.png\" alt=\"supermoda\" \/><\/div>\n","protected":false},"excerpt":{"rendered":"<p>Depois de tr\u00eas dias de vota\u00e7\u00e3o, a elei\u00e7\u00e3o sindical dos funcion\u00e1rios da Vulcabras\/Azaleia encerrou por volta do meio dia desta quarta-feira (28), com a vit\u00f3ria da Chapa 1, reeleita para mais um bi\u00eanio \u00e0 frente do Sindicato de Verdade, que continuar\u00e1 sob a presid\u00eancia de James Santos Alves, ligado \u00e0 CUT. Estamos aguardando informa\u00e7\u00f5es da [&hellip;]<\/p>\n","protected":false},"author":2,"featured_media":0,"comment_status":"open","ping_status":"open","sticky":false,"template":"","format":"standard","meta":{"footnotes":"","_links_to":"","_links_to_target":""},"categories":[1],"tags":[],"class_list":["post-46413","post","type-post","status-publish","format-standard","hentry","category-geral"],"views":1134,"_links":{"self":[{"href":"https:\/\/www.sudoestehoje.com.br\/novoportal\/wp-json\/wp\/v2\/posts\/46413","targetHints":{"allow":["GET"]}}],"collection":[{"href":"https:\/\/www.sudoestehoje.com.br\/novoportal\/wp-json\/wp\/v2\/posts"}],"about":[{"href":"https:\/\/www.sudoestehoje.com.br\/novoportal\/wp-json\/wp\/v2\/types\/post"}],"author":[{"embeddable":true,"href":"https:\/\/www.sudoestehoje.com.br\/novoportal\/wp-json\/wp\/v2\/users\/2"}],"replies":[{"embeddable":true,"href":"https:\/\/www.sudoestehoje.com.br\/novoportal\/wp-json\/wp\/v2\/comments?post=46413"}],"version-history":[{"count":3,"href":"https:\/\/www.sudoestehoje.com.br\/novoportal\/wp-json\/wp\/v2\/posts\/46413\/revisions"}],"predecessor-version":[{"id":46448,"href":"https:\/\/www.sudoestehoje.com.br\/novoportal\/wp-json\/wp\/v2\/posts\/46413\/revisions\/46448"}],"wp:attachment":[{"href":"https:\/\/www.sudoestehoje.com.br\/novoportal\/wp-json\/wp\/v2\/media?parent=46413"}],"wp:term":[{"taxonomy":"category","embeddable":true,"href":"https:\/\/www.sudoestehoje.com.br\/novoportal\/wp-json\/wp\/v2\/categories?post=46413"},{"taxonomy":"post_tag","embeddable":true,"href":"https:\/\/www.sudoestehoje.com.br\/novoportal\/wp-json\/wp\/v2\/tags?post=46413"}],"curies":[{"name":"wp","href":"https:\/\/api.w.org\/{rel}","templated":true}]}}