
{"id":46405,"date":"2015-01-28T13:23:09","date_gmt":"2015-01-28T16:23:09","guid":{"rendered":"http:\/\/www.sudoestehoje.com.br\/novoportal\/?p=46405"},"modified":"2015-01-29T19:32:25","modified_gmt":"2015-01-29T22:32:25","slug":"abandonado-pela-prefeitura-aterro-sanitario-pega-fogo-e-polui-a-cidade","status":"publish","type":"post","link":"https:\/\/www.sudoestehoje.com.br\/novoportal\/2015\/01\/28\/abandonado-pela-prefeitura-aterro-sanitario-pega-fogo-e-polui-a-cidade\/","title":{"rendered":"ABANDONADO PELA PREFEITURA, ATERRO SANIT\u00c1RIO PEGA FOGO E POLUI A CIDADE"},"content":{"rendered":"<div id=\"attachment_46408\" style=\"width: 510px\" class=\"wp-caption aligncenter\"><a href=\"http:\/\/www.sudoestehoje.com.br\/novoportal\/wp-content\/uploads\/2015\/01\/ATERRO.jpg\"><img loading=\"lazy\" decoding=\"async\" aria-describedby=\"caption-attachment-46408\" class=\"size-medium wp-image-46408\" src=\"http:\/\/www.sudoestehoje.com.br\/novoportal\/wp-content\/uploads\/2015\/01\/ATERRO-500x310.jpg\" alt=\"FOTO DO LEITOR\" width=\"500\" height=\"310\" srcset=\"https:\/\/www.sudoestehoje.com.br\/novoportal\/wp-content\/uploads\/2015\/01\/ATERRO-500x310.jpg 500w, https:\/\/www.sudoestehoje.com.br\/novoportal\/wp-content\/uploads\/2015\/01\/ATERRO-700x435.jpg 700w, https:\/\/www.sudoestehoje.com.br\/novoportal\/wp-content\/uploads\/2015\/01\/ATERRO-150x93.jpg 150w, https:\/\/www.sudoestehoje.com.br\/novoportal\/wp-content\/uploads\/2015\/01\/ATERRO.jpg 960w\" sizes=\"auto, (max-width: 500px) 100vw, 500px\" \/><\/a><p id=\"caption-attachment-46408\" class=\"wp-caption-text\">FOTO DO LEITOR<\/p><\/div>\n<p><strong><em>Por Davi Ferraz<\/em><\/strong><\/p>\n<p>ITAPETINGA: H\u00e1 anos que vimos denunciando a falta de cuidado das secretarias do Meio Ambiente e de Servi\u00e7os P\u00fablicos para com a aterro sanit\u00e1rio municipal, que acabou se transformando em um lix\u00e3o abandonado, devido aos descaso das autoridades municipais.<\/p>\n<p>Nesta quarta-feira, recebemos uma den\u00fancia de um leitora do blog, relatando esse absurdo, ignorado pelo prefeito e sua equipe. A aterro est\u00e1 pegando fogo e a fuma\u00e7a polui a cidade, sem que nenhuma provid\u00eancia seja adotada. H\u00e1 informa\u00e7\u00f5es de que o aterro n\u00e3o possui licen\u00e7a ambiental do INEMA. Confira a den\u00fancia do nosso leitor:<\/p>\n<div id=\"yiv3916090257inlineImage0\"><span id=\"yui_3_16_0_1_1422460961087_8126\"><em>&#8220;Ol\u00e1 sudoeste hoje, bom dia. \u00a0Onde h\u00e1 fuma\u00e7a h\u00e1 fogo o lix\u00e3o de Itapetinga \u00e9 de um projeto moderno n\u00e3o e para queimar lixo. O lix\u00e3o est\u00e1 saindo uma fuma\u00e7a ha dias provavelmente esta pegando fogo, e comprometendo a qualidade do nosso ar. Sem falar do preju\u00edzo \u00a0causado ao len\u00e7ol fre\u00e1tico. Autoridades fazem vista grossa estamos de olho no meio ambiente. Ambientalista, abra\u00e7os.&#8221;<\/em>\u00a0Por onde anda a Promotoria do Meio Ambiente?<\/span><\/div>\n<div><img decoding=\"async\" class=\"aligncenter\" src=\"http:\/\/www.sudoestehoje.com.br\/novoportal\/wp-content\/uploads\/2014\/07\/Feira-do-Lar-1.png\" alt=\"Feira-do-Lar (1)\" \/><\/div>\n<div style=\"color: #000000; font-family: 'Helvetica Neue', 'Segoe UI', Helvetica, Arial, 'Lucida Grande', sans-serif; line-height: normal; display: inline-block;\"><\/div>\n","protected":false},"excerpt":{"rendered":"<p>Por Davi Ferraz ITAPETINGA: H\u00e1 anos que vimos denunciando a falta de cuidado das secretarias do Meio Ambiente e de Servi\u00e7os P\u00fablicos para com a aterro sanit\u00e1rio municipal, que acabou se transformando em um lix\u00e3o abandonado, devido aos descaso das autoridades municipais. Nesta quarta-feira, recebemos uma den\u00fancia de um leitora do blog, relatando esse absurdo, [&hellip;]<\/p>\n","protected":false},"author":2,"featured_media":0,"comment_status":"open","ping_status":"open","sticky":false,"template":"","format":"standard","meta":{"footnotes":"","_links_to":"","_links_to_target":""},"categories":[1],"tags":[],"class_list":["post-46405","post","type-post","status-publish","format-standard","hentry","category-geral"],"views":1467,"_links":{"self":[{"href":"https:\/\/www.sudoestehoje.com.br\/novoportal\/wp-json\/wp\/v2\/posts\/46405","targetHints":{"allow":["GET"]}}],"collection":[{"href":"https:\/\/www.sudoestehoje.com.br\/novoportal\/wp-json\/wp\/v2\/posts"}],"about":[{"href":"https:\/\/www.sudoestehoje.com.br\/novoportal\/wp-json\/wp\/v2\/types\/post"}],"author":[{"embeddable":true,"href":"https:\/\/www.sudoestehoje.com.br\/novoportal\/wp-json\/wp\/v2\/users\/2"}],"replies":[{"embeddable":true,"href":"https:\/\/www.sudoestehoje.com.br\/novoportal\/wp-json\/wp\/v2\/comments?post=46405"}],"version-history":[{"count":6,"href":"https:\/\/www.sudoestehoje.com.br\/novoportal\/wp-json\/wp\/v2\/posts\/46405\/revisions"}],"predecessor-version":[{"id":46449,"href":"https:\/\/www.sudoestehoje.com.br\/novoportal\/wp-json\/wp\/v2\/posts\/46405\/revisions\/46449"}],"wp:attachment":[{"href":"https:\/\/www.sudoestehoje.com.br\/novoportal\/wp-json\/wp\/v2\/media?parent=46405"}],"wp:term":[{"taxonomy":"category","embeddable":true,"href":"https:\/\/www.sudoestehoje.com.br\/novoportal\/wp-json\/wp\/v2\/categories?post=46405"},{"taxonomy":"post_tag","embeddable":true,"href":"https:\/\/www.sudoestehoje.com.br\/novoportal\/wp-json\/wp\/v2\/tags?post=46405"}],"curies":[{"name":"wp","href":"https:\/\/api.w.org\/{rel}","templated":true}]}}