
{"id":46391,"date":"2015-01-27T21:35:16","date_gmt":"2015-01-28T00:35:16","guid":{"rendered":"http:\/\/www.sudoestehoje.com.br\/novoportal\/?p=46391"},"modified":"2015-01-27T21:37:02","modified_gmt":"2015-01-28T00:37:02","slug":"eletricista-e-encontrado-morto-no-teto-da-secretaria-de-educacao","status":"publish","type":"post","link":"https:\/\/www.sudoestehoje.com.br\/novoportal\/2015\/01\/27\/eletricista-e-encontrado-morto-no-teto-da-secretaria-de-educacao\/","title":{"rendered":"ELETRICISTA \u00c9 ENCONTRADO MORTO NO TETO DA SECRETARIA DE EDUCA\u00c7\u00c3O"},"content":{"rendered":"<p><a href=\"http:\/\/www.sudoestehoje.com.br\/novoportal\/wp-content\/uploads\/2015\/01\/sec.jpg\"><img loading=\"lazy\" decoding=\"async\" class=\"aligncenter size-medium wp-image-46392\" src=\"http:\/\/www.sudoestehoje.com.br\/novoportal\/wp-content\/uploads\/2015\/01\/sec-500x335.jpg\" alt=\"sec\" width=\"500\" height=\"335\" srcset=\"https:\/\/www.sudoestehoje.com.br\/novoportal\/wp-content\/uploads\/2015\/01\/sec-500x335.jpg 500w, https:\/\/www.sudoestehoje.com.br\/novoportal\/wp-content\/uploads\/2015\/01\/sec-700x469.jpg 700w, https:\/\/www.sudoestehoje.com.br\/novoportal\/wp-content\/uploads\/2015\/01\/sec-150x100.jpg 150w, https:\/\/www.sudoestehoje.com.br\/novoportal\/wp-content\/uploads\/2015\/01\/sec.jpg 800w\" sizes=\"auto, (max-width: 500px) 100vw, 500px\" \/><\/a><\/p>\n<p>O corpo de um prestador de servi\u00e7os foi encontrado por volta das 15h no topo do pr\u00e9dio da Secretaria de Educa\u00e7\u00e3o do Estado da Bahia (SEC-BA), no Centro Administrativo da Bahia (CAB), em Salvador. Segundo informa\u00e7\u00f5es da Centel, o homem, poss\u00edvel v\u00edtima de eletrocutamento, ficou com uma m\u00e3o presa a um fio de alta tens\u00e3o. Viaturas da 82\u00aa Companhia Independente de Pol\u00edcia Militar (82\u00aa CIPM\/CAB) se dirigiram ao local.<\/p>\n<p>Em nota, a SEC\u00a0lamentou a morte do eletricista, de nome Andr\u00e9 Luiz Souza da Silva. Ele trabalhava na Empresa Staff, de acordo com o comunicado, e atuava na manuten\u00e7\u00e3o el\u00e9trica do pr\u00e9dio. Ainda segundo a pasta, ele foi encontrado na \u00e1rea onde ficam as condensadoras dos aparelhos de ar-condicionado. O Departamento de Pol\u00edcia T\u00e9cnica (DPT) \u00e9 aguardado para fazer a per\u00edcia do local e recolher o corpo do trabalhador.<\/p>\n<p><img decoding=\"async\" class=\"aligncenter\" src=\"http:\/\/www.sudoestehoje.com.br\/novoportal\/wp-content\/uploads\/2014\/12\/skala-novo.jpg\" alt=\"skala novo\" \/><\/p>\n","protected":false},"excerpt":{"rendered":"<p>O corpo de um prestador de servi\u00e7os foi encontrado por volta das 15h no topo do pr\u00e9dio da Secretaria de Educa\u00e7\u00e3o do Estado da Bahia (SEC-BA), no Centro Administrativo da Bahia (CAB), em Salvador. Segundo informa\u00e7\u00f5es da Centel, o homem, poss\u00edvel v\u00edtima de eletrocutamento, ficou com uma m\u00e3o presa a um fio de alta tens\u00e3o. [&hellip;]<\/p>\n","protected":false},"author":2,"featured_media":0,"comment_status":"open","ping_status":"open","sticky":false,"template":"","format":"standard","meta":{"footnotes":"","_links_to":"","_links_to_target":""},"categories":[1],"tags":[],"class_list":["post-46391","post","type-post","status-publish","format-standard","hentry","category-geral"],"views":1655,"_links":{"self":[{"href":"https:\/\/www.sudoestehoje.com.br\/novoportal\/wp-json\/wp\/v2\/posts\/46391","targetHints":{"allow":["GET"]}}],"collection":[{"href":"https:\/\/www.sudoestehoje.com.br\/novoportal\/wp-json\/wp\/v2\/posts"}],"about":[{"href":"https:\/\/www.sudoestehoje.com.br\/novoportal\/wp-json\/wp\/v2\/types\/post"}],"author":[{"embeddable":true,"href":"https:\/\/www.sudoestehoje.com.br\/novoportal\/wp-json\/wp\/v2\/users\/2"}],"replies":[{"embeddable":true,"href":"https:\/\/www.sudoestehoje.com.br\/novoportal\/wp-json\/wp\/v2\/comments?post=46391"}],"version-history":[{"count":3,"href":"https:\/\/www.sudoestehoje.com.br\/novoportal\/wp-json\/wp\/v2\/posts\/46391\/revisions"}],"predecessor-version":[{"id":46395,"href":"https:\/\/www.sudoestehoje.com.br\/novoportal\/wp-json\/wp\/v2\/posts\/46391\/revisions\/46395"}],"wp:attachment":[{"href":"https:\/\/www.sudoestehoje.com.br\/novoportal\/wp-json\/wp\/v2\/media?parent=46391"}],"wp:term":[{"taxonomy":"category","embeddable":true,"href":"https:\/\/www.sudoestehoje.com.br\/novoportal\/wp-json\/wp\/v2\/categories?post=46391"},{"taxonomy":"post_tag","embeddable":true,"href":"https:\/\/www.sudoestehoje.com.br\/novoportal\/wp-json\/wp\/v2\/tags?post=46391"}],"curies":[{"name":"wp","href":"https:\/\/api.w.org\/{rel}","templated":true}]}}