
{"id":46387,"date":"2015-01-27T18:02:08","date_gmt":"2015-01-27T21:02:08","guid":{"rendered":"http:\/\/www.sudoestehoje.com.br\/novoportal\/?p=46387"},"modified":"2015-01-27T21:39:43","modified_gmt":"2015-01-28T00:39:43","slug":"sob-pressao-governo-vai-recuar-em-mudancas-no-seguro-desemprego","status":"publish","type":"post","link":"https:\/\/www.sudoestehoje.com.br\/novoportal\/2015\/01\/27\/sob-pressao-governo-vai-recuar-em-mudancas-no-seguro-desemprego\/","title":{"rendered":"SOB PRESS\u00c3O, GOVERNO VAI RECUAR EM MUDAN\u00c7AS NO SEGURO-DESEMPREGO"},"content":{"rendered":"<div id=\"attachment_46388\" style=\"width: 510px\" class=\"wp-caption aligncenter\"><a href=\"http:\/\/www.sudoestehoje.com.br\/novoportal\/wp-content\/uploads\/2015\/01\/Dilma-Levy.jpg\"><img loading=\"lazy\" decoding=\"async\" aria-describedby=\"caption-attachment-46388\" class=\"size-medium wp-image-46388\" src=\"http:\/\/www.sudoestehoje.com.br\/novoportal\/wp-content\/uploads\/2015\/01\/Dilma-Levy-500x333.jpg\" alt=\"Depois de press\u00e3o sindical, Dilma e Levy j\u00e1 ensaiam 'aliviar' os cortes no seguro-desemprego.\" width=\"500\" height=\"333\" srcset=\"https:\/\/www.sudoestehoje.com.br\/novoportal\/wp-content\/uploads\/2015\/01\/Dilma-Levy-500x333.jpg 500w, https:\/\/www.sudoestehoje.com.br\/novoportal\/wp-content\/uploads\/2015\/01\/Dilma-Levy-150x100.jpg 150w, https:\/\/www.sudoestehoje.com.br\/novoportal\/wp-content\/uploads\/2015\/01\/Dilma-Levy.jpg 584w\" sizes=\"auto, (max-width: 500px) 100vw, 500px\" \/><\/a><p id=\"caption-attachment-46388\" class=\"wp-caption-text\">Depois de press\u00e3o sindical, Dilma e Levy j\u00e1 ensaiam &#8216;aliviar&#8217; os cortes no seguro-desemprego.<\/p><\/div>\n<p>O governo j\u00e1 admite reservadamente que vai ceder \u00e0s centrais sindicais e rever parte das mudan\u00e7as nas regras do seguro-desemprego que endureceram o acesso ao benef\u00edcio trabalhista. Segundo a Folha apurou, a equipe da presidente Dilma chegou \u00e0 conclus\u00e3o de que, sem altera\u00e7\u00f5es, a medida provis\u00f3ria que restringiu o benef\u00edcio n\u00e3o ser\u00e1 aprovada no Congresso Nacional.<\/p>\n<p>Assessores presidenciais disseram \u00e0 reportagem que, diante da rea\u00e7\u00e3o contr\u00e1ria de lideran\u00e7as sindicais, a estrat\u00e9gia era fazer concess\u00f5es durante a fase de tramita\u00e7\u00e3o da proposta no Legislativo. Agora, ap\u00f3s declara\u00e7\u00f5es do ministro Joaquim Levy (Fazenda) avaliadas pelo Pal\u00e1cio do Planalto como infelizes, a equipe de Dilma acredita que pode ser obrigada a sinalizar mais concretamente o que ir\u00e1 mudar na pr\u00f3xima reuni\u00e3o com as centrais sindicais, em 3 de fevereiro.<\/p>\n<p>Na semana passada, em Davos (Su\u00ed\u00e7a), Levy chamou de &#8220;ultrapassado&#8221; o modelo do seguro-desemprego, o que irritou sindicalistas e at\u00e9 assessores de Dilma. Seu colega Miguel Rossetto (Secretaria-Geral da Presid\u00eancia) divulgou nota no s\u00e1bado (24) classificando o seguro-desemprego como &#8220;cl\u00e1usula p\u00e9trea&#8221; dos direitos dos trabalhadores.<\/p>\n<p>O pr\u00f3prio Levy reconheceu internamente no governo que n\u00e3o foi feliz em suas declara\u00e7\u00f5es. Ele defende mudan\u00e7as no sistema, mas sem retirar direitos trabalhistas.<\/p>\n<p><img decoding=\"async\" class=\"aligncenter\" src=\"http:\/\/www.sudoestehoje.com.br\/novoportal\/wp-content\/uploads\/2014\/07\/Feira-do-Lar-1.png\" alt=\"Feira-do-Lar (1)\" \/><\/p>\n","protected":false},"excerpt":{"rendered":"<p>O governo j\u00e1 admite reservadamente que vai ceder \u00e0s centrais sindicais e rever parte das mudan\u00e7as nas regras do seguro-desemprego que endureceram o acesso ao benef\u00edcio trabalhista. Segundo a Folha apurou, a equipe da presidente Dilma chegou \u00e0 conclus\u00e3o de que, sem altera\u00e7\u00f5es, a medida provis\u00f3ria que restringiu o benef\u00edcio n\u00e3o ser\u00e1 aprovada no Congresso [&hellip;]<\/p>\n","protected":false},"author":2,"featured_media":0,"comment_status":"open","ping_status":"open","sticky":false,"template":"","format":"standard","meta":{"footnotes":"","_links_to":"","_links_to_target":""},"categories":[1],"tags":[],"class_list":["post-46387","post","type-post","status-publish","format-standard","hentry","category-geral"],"views":1142,"_links":{"self":[{"href":"https:\/\/www.sudoestehoje.com.br\/novoportal\/wp-json\/wp\/v2\/posts\/46387","targetHints":{"allow":["GET"]}}],"collection":[{"href":"https:\/\/www.sudoestehoje.com.br\/novoportal\/wp-json\/wp\/v2\/posts"}],"about":[{"href":"https:\/\/www.sudoestehoje.com.br\/novoportal\/wp-json\/wp\/v2\/types\/post"}],"author":[{"embeddable":true,"href":"https:\/\/www.sudoestehoje.com.br\/novoportal\/wp-json\/wp\/v2\/users\/2"}],"replies":[{"embeddable":true,"href":"https:\/\/www.sudoestehoje.com.br\/novoportal\/wp-json\/wp\/v2\/comments?post=46387"}],"version-history":[{"count":4,"href":"https:\/\/www.sudoestehoje.com.br\/novoportal\/wp-json\/wp\/v2\/posts\/46387\/revisions"}],"predecessor-version":[{"id":46397,"href":"https:\/\/www.sudoestehoje.com.br\/novoportal\/wp-json\/wp\/v2\/posts\/46387\/revisions\/46397"}],"wp:attachment":[{"href":"https:\/\/www.sudoestehoje.com.br\/novoportal\/wp-json\/wp\/v2\/media?parent=46387"}],"wp:term":[{"taxonomy":"category","embeddable":true,"href":"https:\/\/www.sudoestehoje.com.br\/novoportal\/wp-json\/wp\/v2\/categories?post=46387"},{"taxonomy":"post_tag","embeddable":true,"href":"https:\/\/www.sudoestehoje.com.br\/novoportal\/wp-json\/wp\/v2\/tags?post=46387"}],"curies":[{"name":"wp","href":"https:\/\/api.w.org\/{rel}","templated":true}]}}