
{"id":46379,"date":"2015-01-27T17:43:59","date_gmt":"2015-01-27T20:43:59","guid":{"rendered":"http:\/\/www.sudoestehoje.com.br\/novoportal\/?p=46379"},"modified":"2015-01-27T17:50:33","modified_gmt":"2015-01-27T20:50:33","slug":"governo-abre-licitacao-para-construcao-da-barragem-do-catole","status":"publish","type":"post","link":"https:\/\/www.sudoestehoje.com.br\/novoportal\/2015\/01\/27\/governo-abre-licitacao-para-construcao-da-barragem-do-catole\/","title":{"rendered":"GOVERNO ABRE LICITA\u00c7\u00c3O PARA CONSTRU\u00c7\u00c3O DA BARRAGEM DO CATOL\u00c9"},"content":{"rendered":"<div id=\"attachment_46380\" style=\"width: 510px\" class=\"wp-caption aligncenter\"><a href=\"http:\/\/www.sudoestehoje.com.br\/novoportal\/wp-content\/uploads\/2015\/01\/Capta\u00e7\u00e3o-flutuante-no-rio-Catol\u00e9_interna.jpeg\"><img loading=\"lazy\" decoding=\"async\" aria-describedby=\"caption-attachment-46380\" class=\" wp-image-46380\" src=\"http:\/\/www.sudoestehoje.com.br\/novoportal\/wp-content\/uploads\/2015\/01\/Capta\u00e7\u00e3o-flutuante-no-rio-Catol\u00e9_interna.jpeg\" alt=\"Rio Catol\u00e9\" width=\"500\" height=\"331\" srcset=\"https:\/\/www.sudoestehoje.com.br\/novoportal\/wp-content\/uploads\/2015\/01\/Capta\u00e7\u00e3o-flutuante-no-rio-Catol\u00e9_interna.jpeg 400w, https:\/\/www.sudoestehoje.com.br\/novoportal\/wp-content\/uploads\/2015\/01\/Capta\u00e7\u00e3o-flutuante-no-rio-Catol\u00e9_interna-150x99.jpeg 150w\" sizes=\"auto, (max-width: 500px) 100vw, 500px\" \/><\/a><p id=\"caption-attachment-46380\" class=\"wp-caption-text\">O Rio Catol\u00e9 j\u00e1 abastece Vit\u00f3ria da Conquista atrav\u00e9s de uma capta\u00e7\u00e3o flutuante e adutora, no munic\u00edpio de Barra do Cho\u00e7a.<\/p><\/div>\n<p class=\"yiv7973326804MsoNormal\"><strong><em>Por Davi Ferraz<\/em><\/strong><\/p>\n<p class=\"yiv7973326804MsoNormal\">Segundo publica\u00e7\u00e3o no Di\u00e1rio Oficial do Estado, desta segunda-feira (26), o Governo do Estado, atrav\u00e9s da Embasa, autorizou a abertura do processo licitat\u00f3rio envolvendo a execu\u00e7\u00e3o das obras, elabora\u00e7\u00e3o do projeto executivo, implementa\u00e7\u00e3o dos planos e programas ambientais, e o fornecimento de materiais e equipamentos, na constru\u00e7\u00e3o da barragem do Rio Catol\u00e9, no munic\u00edpio de Barra do Cho\u00e7a, para abastecimento de \u00e1gua em \u00a0Vit\u00f3ria da Conquista e outras cidades da regi\u00e3o.<\/p>\n<p class=\"yiv7973326804MsoNormal\">A novela da constru\u00e7\u00e3o da barragem do Catol\u00e9 vem se arrastando h\u00e1 anos, com sucessivos an\u00fancios de in\u00edcio das obras por parte do governo e do prefeito de Conquista, Guilherme Menezes (PT), mas nada de concreto foi implementado, a n\u00e3o ser promessas de campanha.<\/p>\n<p class=\"yiv7973326804MsoNormal\">Agora que Conquista passa por mais uma das mais graves crises de abastecimento de \u00e1gua da sua hist\u00f3ria, e com um novo governador querendo mostrar servi\u00e7o, pode ser que a obra saia do papel e do campo das promessas eleitoreiras.<\/p>\n<p class=\"yiv7973326804MsoNormal\">Mesmo assim, h\u00e1 muita controv\u00e9rsia sobre as consequ\u00eancias que a barragem pode gerar nos munic\u00edpios que o Rio Catol\u00e9 j\u00e1 abastece, Itapetinga e Caatiba.<\/p>\n<p class=\"yiv7973326804MsoNormal\">Confira resumo da publica\u00e7\u00e3o no DOE:\u00a0<!--more--><\/p>\n<p id=\"yui_3_16_0_1_1422389399036_1936\" class=\"yiv7973326804MsoNormal\"><b id=\"yui_3_16_0_1_1422389399036_1990\">Patrim\u00f4nio L\u00edquido: R$ 13.945.000,00.<\/b><\/p>\n<p id=\"yui_3_16_0_1_1422389399036_1989\" class=\"yiv7973326804MsoNormal\"><b id=\"yui_3_16_0_1_1422389399036_1988\">Regime Diferenciado De Contrata\u00e7\u00e3o N\u00ba 002\/2015<\/b><\/p>\n<p id=\"yui_3_16_0_1_1422389399036_1976\" class=\"yiv7973326804MsoNormal\">Recebimento de propostas: 09\/03\/2015 \u00e0s 14:00 horas.<\/p>\n<p id=\"yui_3_16_0_1_1422389399036_1977\" class=\"yiv7973326804MsoNormal\"><b id=\"yui_3_16_0_1_1422389399036_1986\"><span id=\"yui_3_16_0_1_1422389399036_1985\" style=\"text-decoration: underline;\">Objeto: Constru\u00e7\u00e3o da Barragem do Rio Catol\u00e9<\/span><\/b>, no Estado da Bahia, envolvendo: a execu\u00e7\u00e3o das obras, elabora\u00e7\u00e3o do projeto executivo, a implementa\u00e7\u00e3o dos planos e programas ambientais, e o fornecimento de materiais e equipamentos.<\/p>\n","protected":false},"excerpt":{"rendered":"<p>Por Davi Ferraz Segundo publica\u00e7\u00e3o no Di\u00e1rio Oficial do Estado, desta segunda-feira (26), o Governo do Estado, atrav\u00e9s da Embasa, autorizou a abertura do processo licitat\u00f3rio envolvendo a execu\u00e7\u00e3o das obras, elabora\u00e7\u00e3o do projeto executivo, implementa\u00e7\u00e3o dos planos e programas ambientais, e o fornecimento de materiais e equipamentos, na constru\u00e7\u00e3o da barragem do Rio Catol\u00e9, [&hellip;]<\/p>\n","protected":false},"author":2,"featured_media":0,"comment_status":"open","ping_status":"open","sticky":false,"template":"","format":"standard","meta":{"footnotes":"","_links_to":"","_links_to_target":""},"categories":[1],"tags":[],"class_list":["post-46379","post","type-post","status-publish","format-standard","hentry","category-geral"],"views":1297,"_links":{"self":[{"href":"https:\/\/www.sudoestehoje.com.br\/novoportal\/wp-json\/wp\/v2\/posts\/46379","targetHints":{"allow":["GET"]}}],"collection":[{"href":"https:\/\/www.sudoestehoje.com.br\/novoportal\/wp-json\/wp\/v2\/posts"}],"about":[{"href":"https:\/\/www.sudoestehoje.com.br\/novoportal\/wp-json\/wp\/v2\/types\/post"}],"author":[{"embeddable":true,"href":"https:\/\/www.sudoestehoje.com.br\/novoportal\/wp-json\/wp\/v2\/users\/2"}],"replies":[{"embeddable":true,"href":"https:\/\/www.sudoestehoje.com.br\/novoportal\/wp-json\/wp\/v2\/comments?post=46379"}],"version-history":[{"count":6,"href":"https:\/\/www.sudoestehoje.com.br\/novoportal\/wp-json\/wp\/v2\/posts\/46379\/revisions"}],"predecessor-version":[{"id":46386,"href":"https:\/\/www.sudoestehoje.com.br\/novoportal\/wp-json\/wp\/v2\/posts\/46379\/revisions\/46386"}],"wp:attachment":[{"href":"https:\/\/www.sudoestehoje.com.br\/novoportal\/wp-json\/wp\/v2\/media?parent=46379"}],"wp:term":[{"taxonomy":"category","embeddable":true,"href":"https:\/\/www.sudoestehoje.com.br\/novoportal\/wp-json\/wp\/v2\/categories?post=46379"},{"taxonomy":"post_tag","embeddable":true,"href":"https:\/\/www.sudoestehoje.com.br\/novoportal\/wp-json\/wp\/v2\/tags?post=46379"}],"curies":[{"name":"wp","href":"https:\/\/api.w.org\/{rel}","templated":true}]}}