
{"id":4634,"date":"2011-04-28T19:37:02","date_gmt":"2011-04-28T22:37:02","guid":{"rendered":"http:\/\/www.sudoestehoje.com.br\/novoportal\/?p=4634"},"modified":"2011-04-28T19:37:02","modified_gmt":"2011-04-28T22:37:02","slug":"alckmin-e-fhc-aprovam-fusao-do-psdb-com-o-dem","status":"publish","type":"post","link":"https:\/\/www.sudoestehoje.com.br\/novoportal\/2011\/04\/28\/alckmin-e-fhc-aprovam-fusao-do-psdb-com-o-dem\/","title":{"rendered":"ALCKMIN E FHC APROVAM FUS\u00c3O DO PSDB COM O DEM"},"content":{"rendered":"<div>\n<p style=\"text-align: center;\"><img loading=\"lazy\" decoding=\"async\" src=\"http:\/\/www.bahianoticias.com.br\/fotos\/editor\/Image\/Alckmin-32.jpg\" alt=\"\" width=\"350\" height=\"263\" \/><\/p>\n<p style=\"text-align: center;\"><em><strong>C\u00fapulas do PSDB e DEM admitem fus\u00e3o<\/strong><\/em><\/p>\n<p><strong><em>\u00a0<\/em><\/strong><\/p>\n<p><strong><em>RevistaVeja<\/em><\/strong><\/p>\n<p>O governador de S\u00e3o Paulo, Geraldo Alckmin, disse, nesta quinta-feira (28), ver com bons olhos a possibilidade de fus\u00e3o entre o PSDB e o DEM. &#8220;\u00c9 um tema a ser discutido, uma discuss\u00e3o partid\u00e1ria, mas n\u00e3o tem pressa, n\u00e3o precisa ser feita agora&#8221;, afirmou ap\u00f3s participar de evento para divulga\u00e7\u00e3o da campanha de vacina\u00e7\u00e3o contra gripe na capital paulista.\u00a0Alckmin diz n\u00e3o ver problema nas movimenta\u00e7\u00f5es de sa\u00edda de pol\u00edticos dos partidos e nega crise na legenda. &#8220;O PSDB n\u00e3o est\u00e1 em crise. \u00c9 natural esse procedimento que ocorre. As pessoas t\u00eam liberdade&#8221;, disse. A possibilidade de jun\u00e7\u00e3o dos partidos foi confirmada nesta ter\u00e7a (26) pelo ex-presidente Fernando Henrique Cardoso. O presidente nacional do Democratas, senador Agripino Maia, tamb\u00e9m admitiu a hip\u00f3tese, mas a negocia\u00e7\u00e3o seria informal. Informa\u00e7\u00f5es da Veja.<\/p>\n<\/div>\n","protected":false},"excerpt":{"rendered":"<p>C\u00fapulas do PSDB e DEM admitem fus\u00e3o \u00a0 RevistaVeja O governador de S\u00e3o Paulo, Geraldo Alckmin, disse, nesta quinta-feira (28), ver com bons olhos a possibilidade de fus\u00e3o entre o PSDB e o DEM. &#8220;\u00c9 um tema a ser discutido, uma discuss\u00e3o partid\u00e1ria, mas n\u00e3o tem pressa, n\u00e3o precisa ser feita agora&#8221;, afirmou ap\u00f3s participar [&hellip;]<\/p>\n","protected":false},"author":2,"featured_media":0,"comment_status":"open","ping_status":"open","sticky":false,"template":"","format":"standard","meta":{"footnotes":"","_links_to":"","_links_to_target":""},"categories":[1],"tags":[],"class_list":["post-4634","post","type-post","status-publish","format-standard","hentry","category-geral"],"views":1286,"_links":{"self":[{"href":"https:\/\/www.sudoestehoje.com.br\/novoportal\/wp-json\/wp\/v2\/posts\/4634","targetHints":{"allow":["GET"]}}],"collection":[{"href":"https:\/\/www.sudoestehoje.com.br\/novoportal\/wp-json\/wp\/v2\/posts"}],"about":[{"href":"https:\/\/www.sudoestehoje.com.br\/novoportal\/wp-json\/wp\/v2\/types\/post"}],"author":[{"embeddable":true,"href":"https:\/\/www.sudoestehoje.com.br\/novoportal\/wp-json\/wp\/v2\/users\/2"}],"replies":[{"embeddable":true,"href":"https:\/\/www.sudoestehoje.com.br\/novoportal\/wp-json\/wp\/v2\/comments?post=4634"}],"version-history":[{"count":2,"href":"https:\/\/www.sudoestehoje.com.br\/novoportal\/wp-json\/wp\/v2\/posts\/4634\/revisions"}],"predecessor-version":[{"id":4636,"href":"https:\/\/www.sudoestehoje.com.br\/novoportal\/wp-json\/wp\/v2\/posts\/4634\/revisions\/4636"}],"wp:attachment":[{"href":"https:\/\/www.sudoestehoje.com.br\/novoportal\/wp-json\/wp\/v2\/media?parent=4634"}],"wp:term":[{"taxonomy":"category","embeddable":true,"href":"https:\/\/www.sudoestehoje.com.br\/novoportal\/wp-json\/wp\/v2\/categories?post=4634"},{"taxonomy":"post_tag","embeddable":true,"href":"https:\/\/www.sudoestehoje.com.br\/novoportal\/wp-json\/wp\/v2\/tags?post=4634"}],"curies":[{"name":"wp","href":"https:\/\/api.w.org\/{rel}","templated":true}]}}