
{"id":46332,"date":"2015-01-24T19:48:56","date_gmt":"2015-01-24T22:48:56","guid":{"rendered":"http:\/\/www.sudoestehoje.com.br\/novoportal\/?p=46332"},"modified":"2015-01-24T19:50:33","modified_gmt":"2015-01-24T22:50:33","slug":"bairros-de-vitoria-da-conquista-estao-sem-agua-ha-mais-de-10-dias","status":"publish","type":"post","link":"https:\/\/www.sudoestehoje.com.br\/novoportal\/2015\/01\/24\/bairros-de-vitoria-da-conquista-estao-sem-agua-ha-mais-de-10-dias\/","title":{"rendered":"BAIRROS DE VIT\u00d3RIA DA CONQUISTA EST\u00c3O SEM \u00c1GUA H\u00c1 MAIS DE 10 DIAS"},"content":{"rendered":"<p><a href=\"http:\/\/www.sudoestehoje.com.br\/novoportal\/wp-content\/uploads\/2015\/01\/BALDES.jpg\"><img loading=\"lazy\" decoding=\"async\" class=\"aligncenter  wp-image-46333\" src=\"http:\/\/www.sudoestehoje.com.br\/novoportal\/wp-content\/uploads\/2015\/01\/BALDES.jpg\" alt=\"BALDES\" width=\"500\" height=\"334\" srcset=\"https:\/\/www.sudoestehoje.com.br\/novoportal\/wp-content\/uploads\/2015\/01\/BALDES.jpg 400w, https:\/\/www.sudoestehoje.com.br\/novoportal\/wp-content\/uploads\/2015\/01\/BALDES-150x100.jpg 150w\" sizes=\"auto, (max-width: 500px) 100vw, 500px\" \/><\/a><\/p>\n<p>Moradores de Vit\u00f3ria da Conquista sofrem h\u00e1 dez dias com a suspens\u00e3o do abastecimento de \u00e1gua, segundo informa\u00e7\u00f5es do Blog do Anderson. Os bairros mais afetados est\u00e3o nas zonas sul e sudoeste da cidade, como Patag\u00f4nia e Morada dos P\u00e1ssaros. De acordo com informa\u00e7\u00f5es do Blog do Anderson, a Embasa ainda n\u00e3o informou a previs\u00e3o de quando o servi\u00e7o deve ser restabelecido. <em>\u201cUma semana sem cair \u00e1gua. Domingo passado foi o \u00faltimo dia que saiu \u00e1gua na torneira. Pego na casa de minha m\u00e3e porque duas vezes que caiu na madrugada deu para encher um tanque e a gente se vira com essa \u00e1gua que j\u00e1 acabou\u201d<\/em>, disse, em entrevista ao blog, a professora Eliane Teixeira, que mora na avenida Farroupilha.<\/p>\n<p><a href=\"http:\/\/www.sudoestehoje.com.br\/novoportal\/wp-content\/uploads\/2015\/01\/FALTA-AGUA-CONQUISTA.jpg\"><img loading=\"lazy\" decoding=\"async\" class=\"aligncenter  wp-image-46334\" src=\"http:\/\/www.sudoestehoje.com.br\/novoportal\/wp-content\/uploads\/2015\/01\/FALTA-AGUA-CONQUISTA.jpg\" alt=\"FALTA AGUA CONQUISTA\" width=\"499\" height=\"368\" srcset=\"https:\/\/www.sudoestehoje.com.br\/novoportal\/wp-content\/uploads\/2015\/01\/FALTA-AGUA-CONQUISTA.jpg 380w, https:\/\/www.sudoestehoje.com.br\/novoportal\/wp-content\/uploads\/2015\/01\/FALTA-AGUA-CONQUISTA-150x110.jpg 150w\" sizes=\"auto, (max-width: 499px) 100vw, 499px\" \/><\/a><\/p>\n<p>Por conta da falta de \u00e1gua, h\u00e1 ac\u00famulo de pratos e roupas em sua resid\u00eancia. A alternativa tem sido retirar a \u00e1gua de um po\u00e7o da Par\u00f3quia Nossa Senhora Rainha da Paz. Ainda segundo o Blog do Anderson, a popula\u00e7\u00e3o local reclama tamb\u00e9m que o central de atendimento telef\u00f4nico da Embasa n\u00e3o tem atendido \u00e0s liga\u00e7\u00f5es.<\/p>\n<p><img decoding=\"async\" class=\"aligncenter\" src=\"http:\/\/www.sudoestehoje.com.br\/novoportal\/wp-content\/uploads\/2014\/12\/Banner-Casabella-500x104.jpg\" alt=\"Banner Casabella\" \/><\/p>\n","protected":false},"excerpt":{"rendered":"<p>Moradores de Vit\u00f3ria da Conquista sofrem h\u00e1 dez dias com a suspens\u00e3o do abastecimento de \u00e1gua, segundo informa\u00e7\u00f5es do Blog do Anderson. Os bairros mais afetados est\u00e3o nas zonas sul e sudoeste da cidade, como Patag\u00f4nia e Morada dos P\u00e1ssaros. De acordo com informa\u00e7\u00f5es do Blog do Anderson, a Embasa ainda n\u00e3o informou a previs\u00e3o [&hellip;]<\/p>\n","protected":false},"author":2,"featured_media":0,"comment_status":"open","ping_status":"open","sticky":false,"template":"","format":"standard","meta":{"footnotes":"","_links_to":"","_links_to_target":""},"categories":[1],"tags":[],"class_list":["post-46332","post","type-post","status-publish","format-standard","hentry","category-geral"],"views":1596,"_links":{"self":[{"href":"https:\/\/www.sudoestehoje.com.br\/novoportal\/wp-json\/wp\/v2\/posts\/46332","targetHints":{"allow":["GET"]}}],"collection":[{"href":"https:\/\/www.sudoestehoje.com.br\/novoportal\/wp-json\/wp\/v2\/posts"}],"about":[{"href":"https:\/\/www.sudoestehoje.com.br\/novoportal\/wp-json\/wp\/v2\/types\/post"}],"author":[{"embeddable":true,"href":"https:\/\/www.sudoestehoje.com.br\/novoportal\/wp-json\/wp\/v2\/users\/2"}],"replies":[{"embeddable":true,"href":"https:\/\/www.sudoestehoje.com.br\/novoportal\/wp-json\/wp\/v2\/comments?post=46332"}],"version-history":[{"count":4,"href":"https:\/\/www.sudoestehoje.com.br\/novoportal\/wp-json\/wp\/v2\/posts\/46332\/revisions"}],"predecessor-version":[{"id":46338,"href":"https:\/\/www.sudoestehoje.com.br\/novoportal\/wp-json\/wp\/v2\/posts\/46332\/revisions\/46338"}],"wp:attachment":[{"href":"https:\/\/www.sudoestehoje.com.br\/novoportal\/wp-json\/wp\/v2\/media?parent=46332"}],"wp:term":[{"taxonomy":"category","embeddable":true,"href":"https:\/\/www.sudoestehoje.com.br\/novoportal\/wp-json\/wp\/v2\/categories?post=46332"},{"taxonomy":"post_tag","embeddable":true,"href":"https:\/\/www.sudoestehoje.com.br\/novoportal\/wp-json\/wp\/v2\/tags?post=46332"}],"curies":[{"name":"wp","href":"https:\/\/api.w.org\/{rel}","templated":true}]}}